{"id":11179,"date":"2025-05-15T12:04:54","date_gmt":"2025-05-15T10:04:54","guid":{"rendered":"https:\/\/www.anett.fr\/index.php\/?p=11179"},"modified":"2025-05-15T12:11:47","modified_gmt":"2025-05-15T10:11:47","slug":"anett-transition-energetique-copy-copy","status":"publish","type":"post","link":"https:\/\/www.anett.fr\/index.php\/anett-transition-energetique-copy-copy\/","title":{"rendered":"La semaine de l&rsquo;Exp\u00e9rience Partag\u00e9e"},"content":{"rendered":"\n\n\t\u200bCette ann\u00e9e, Anett a lanc\u00e9 la premi\u00e8re \u00e9dition de la Semaine de l&rsquo;Exp\u00e9rience Partag\u00e9e. Durant une semaine, nos \u00e9quipes de la relation client se sont immerg\u00e9es dans le quotidien de nos agents de distribution.\u200b\nAu c\u0153ur de cette exp\u00e9rience, pour nos ambassadeurs de la relation client l&rsquo;objectif est clair : partager leurs connaissances et\u00a0des savoir-faire sp\u00e9cifiques tout en ayant une vision commune de la satisfaction client.\u00a0\u200b\nCette semaine symbolise bien plus qu&rsquo;une simple immersion : elle est le t\u00e9moignage de notre engagement \u00e0 r\u00e9pondre aux attentes de nos clients de mani\u00e8re encore plus pr\u00e9cise et efficace, gr\u00e2ce \u00e0 une vision partag\u00e9e.\u200b\nA l&rsquo;occasion de nos 90 ans, nous avons remerci\u00e9\u00a0nos partenaires les plus fid\u00e8les pour leur confiance autour d&rsquo;un moment de convivialit\u00e9. \u00a0\u200b\nEnsemble, vers une relation\u00a0toujours plus forte, plus durable et surtout toujours plus humaine, plac\u00e9e sous le signe de l&rsquo;excellence partag\u00e9e.\u200b\n\u200b\n\t\u00a0<img loading=\"lazy\" decoding=\"async\" src=\"https:\/\/www.anett.fr\/wp-content\/uploads\/2025\/05\/Semaine-experience-partagee-Linkedin-2.png\" alt=\"\" width=\"684\" height=\"684\" \/>\u200b\n\t<img loading=\"lazy\" decoding=\"async\" src=\"https:\/\/www.anett.fr\/wp-content\/uploads\/2025\/05\/Semaine-experience-partagee-Linkedin-1.png\" alt=\"\" width=\"1080\" height=\"1080\" \/>\u200b\n\t\t\t<a href=\"https:\/\/www.anett.fr\/decouvrir-anett\/actualites\/\" title=\"Cliquez ici\" target=\"_self\"   role=\"button\" aria-label=\"Toutes les actualit\u00e9s\">\n\t\t\t\t\t\t\tToutes les actualit\u00e9s\n\t\t<\/a>\n\n","protected":false},"excerpt":{"rendered":"<p>Cette ann\u00e9e, Anett a lanc\u00e9 la premi\u00e8re \u00e9dition de la Semaine de l&rsquo;Exp\u00e9rience Partag\u00e9e. Durant une semaine, nos \u00e9quipes de la relation client se sont immerg\u00e9es dans le quotidien de nos agents de distribution.<\/p>\n","protected":false},"author":11,"featured_media":11180,"comment_status":"closed","ping_status":"closed","sticky":false,"template":"tpl-full-width.php","format":"standard","meta":{"footnotes":""},"categories":[1],"tags":[],"class_list":["post-11179","post","type-post","status-publish","format-standard","has-post-thumbnail","hentry","category-non-classe"],"yoast_head":"<!-- This site is optimized with the Yoast SEO plugin v27.4 - https:\/\/yoast.com\/product\/yoast-seo-wordpress\/ -->\n<title>La semaine de l&#039;Exp\u00e9rience Partag\u00e9e - Anett<\/title>\n<meta name=\"description\" content=\"Anett est la seule entreprise fran\u00e7aise de location-entretien d\u2019articles textiles professionnels \u00e0 avoir choisi de conserver son si\u00e8ge social dans un territoire rural.\" \/>\n<meta name=\"robots\" content=\"index, follow, max-snippet:-1, max-image-preview:large, max-video-preview:-1\" \/>\n<link rel=\"canonical\" href=\"https:\/\/www.anett.fr\/index.php\/anett-transition-energetique-copy-copy\/\" \/>\n<meta property=\"og:locale\" content=\"fr_FR\" \/>\n<meta property=\"og:type\" content=\"article\" \/>\n<meta property=\"og:title\" content=\"La semaine de l&#039;Exp\u00e9rience Partag\u00e9e - Anett\" \/>\n<meta property=\"og:description\" content=\"Anett est la seule entreprise fran\u00e7aise de location-entretien d\u2019articles textiles professionnels \u00e0 avoir choisi de conserver son si\u00e8ge social dans un territoire rural.\" \/>\n<meta property=\"og:url\" content=\"https:\/\/www.anett.fr\/index.php\/anett-transition-energetique-copy-copy\/\" \/>\n<meta property=\"og:site_name\" content=\"Anett\" \/>\n<meta property=\"article:publisher\" content=\"https:\/\/www.facebook.com\/profile.php?id=100065673331976\" \/>\n<meta property=\"article:published_time\" content=\"2025-05-15T10:04:54+00:00\" \/>\n<meta property=\"article:modified_time\" content=\"2025-05-15T10:11:47+00:00\" \/>\n<meta property=\"og:image\" content=\"https:\/\/www.anett.fr\/wp-content\/uploads\/2025\/05\/Semaine-experience-partagee-Linkedin-1.png\" \/>\n\t<meta property=\"og:image:width\" content=\"1080\" \/>\n\t<meta property=\"og:image:height\" content=\"1080\" \/>\n\t<meta property=\"og:image:type\" content=\"image\/png\" \/>\n<meta name=\"author\" content=\"Delphine Bichon\" \/>\n<meta name=\"twitter:card\" content=\"summary_large_image\" \/>\n<meta name=\"twitter:label1\" content=\"\u00c9crit par\" \/>\n\t<meta name=\"twitter:data1\" content=\"Delphine Bichon\" \/>\n\t<meta name=\"twitter:label2\" content=\"Dur\u00e9e de lecture estim\u00e9e\" \/>\n\t<meta name=\"twitter:data2\" content=\"2 minutes\" \/>\n<script type=\"application\/ld+json\" class=\"yoast-schema-graph\">{\"@context\":\"https:\\\/\\\/schema.org\",\"@graph\":[{\"@type\":\"Article\",\"@id\":\"https:\\\/\\\/www.anett.fr\\\/index.php\\\/anett-transition-energetique-copy-copy\\\/#article\",\"isPartOf\":{\"@id\":\"https:\\\/\\\/www.anett.fr\\\/index.php\\\/anett-transition-energetique-copy-copy\\\/\"},\"author\":{\"name\":\"Delphine Bichon\",\"@id\":\"https:\\\/\\\/www.anett.fr\\\/index.php\\\/#\\\/schema\\\/person\\\/fa7e3e32416c1732adfdb57c71302023\"},\"headline\":\"La semaine de l&rsquo;Exp\u00e9rience Partag\u00e9e\",\"datePublished\":\"2025-05-15T10:04:54+00:00\",\"dateModified\":\"2025-05-15T10:11:47+00:00\",\"mainEntityOfPage\":{\"@id\":\"https:\\\/\\\/www.anett.fr\\\/index.php\\\/anett-transition-energetique-copy-copy\\\/\"},\"wordCount\":175,\"publisher\":{\"@id\":\"https:\\\/\\\/www.anett.fr\\\/index.php\\\/#organization\"},\"image\":{\"@id\":\"https:\\\/\\\/www.anett.fr\\\/index.php\\\/anett-transition-energetique-copy-copy\\\/#primaryimage\"},\"thumbnailUrl\":\"https:\\\/\\\/www.anett.fr\\\/wp-content\\\/uploads\\\/2025\\\/05\\\/Semaine-experience-partagee-Linkedin-1.png\",\"inLanguage\":\"fr-FR\"},{\"@type\":\"WebPage\",\"@id\":\"https:\\\/\\\/www.anett.fr\\\/index.php\\\/anett-transition-energetique-copy-copy\\\/\",\"url\":\"https:\\\/\\\/www.anett.fr\\\/index.php\\\/anett-transition-energetique-copy-copy\\\/\",\"name\":\"La semaine de l'Exp\u00e9rience Partag\u00e9e - Anett\",\"isPartOf\":{\"@id\":\"https:\\\/\\\/www.anett.fr\\\/index.php\\\/#website\"},\"primaryImageOfPage\":{\"@id\":\"https:\\\/\\\/www.anett.fr\\\/index.php\\\/anett-transition-energetique-copy-copy\\\/#primaryimage\"},\"image\":{\"@id\":\"https:\\\/\\\/www.anett.fr\\\/index.php\\\/anett-transition-energetique-copy-copy\\\/#primaryimage\"},\"thumbnailUrl\":\"https:\\\/\\\/www.anett.fr\\\/wp-content\\\/uploads\\\/2025\\\/05\\\/Semaine-experience-partagee-Linkedin-1.png\",\"datePublished\":\"2025-05-15T10:04:54+00:00\",\"dateModified\":\"2025-05-15T10:11:47+00:00\",\"description\":\"Anett est la seule entreprise fran\u00e7aise de location-entretien d\u2019articles textiles professionnels \u00e0 avoir choisi de conserver son si\u00e8ge social dans un territoire rural.\",\"breadcrumb\":{\"@id\":\"https:\\\/\\\/www.anett.fr\\\/index.php\\\/anett-transition-energetique-copy-copy\\\/#breadcrumb\"},\"inLanguage\":\"fr-FR\",\"potentialAction\":[{\"@type\":\"ReadAction\",\"target\":[\"https:\\\/\\\/www.anett.fr\\\/index.php\\\/anett-transition-energetique-copy-copy\\\/\"]}]},{\"@type\":\"ImageObject\",\"inLanguage\":\"fr-FR\",\"@id\":\"https:\\\/\\\/www.anett.fr\\\/index.php\\\/anett-transition-energetique-copy-copy\\\/#primaryimage\",\"url\":\"https:\\\/\\\/www.anett.fr\\\/wp-content\\\/uploads\\\/2025\\\/05\\\/Semaine-experience-partagee-Linkedin-1.png\",\"contentUrl\":\"https:\\\/\\\/www.anett.fr\\\/wp-content\\\/uploads\\\/2025\\\/05\\\/Semaine-experience-partagee-Linkedin-1.png\",\"width\":1080,\"height\":1080},{\"@type\":\"BreadcrumbList\",\"@id\":\"https:\\\/\\\/www.anett.fr\\\/index.php\\\/anett-transition-energetique-copy-copy\\\/#breadcrumb\",\"itemListElement\":[{\"@type\":\"ListItem\",\"position\":1,\"name\":\"Accueil\",\"item\":\"https:\\\/\\\/www.anett.fr\\\/index.php\\\/\"},{\"@type\":\"ListItem\",\"position\":2,\"name\":\"La semaine de l&rsquo;Exp\u00e9rience Partag\u00e9e\"}]},{\"@type\":\"WebSite\",\"@id\":\"https:\\\/\\\/www.anett.fr\\\/index.php\\\/#website\",\"url\":\"https:\\\/\\\/www.anett.fr\\\/index.php\\\/\",\"name\":\"Anett\",\"description\":\"Nous portons chaque jour les valeurs de notre engagement\",\"publisher\":{\"@id\":\"https:\\\/\\\/www.anett.fr\\\/index.php\\\/#organization\"},\"alternateName\":\"Anett, Diff\u00e9rents par Nature\",\"potentialAction\":[{\"@type\":\"SearchAction\",\"target\":{\"@type\":\"EntryPoint\",\"urlTemplate\":\"https:\\\/\\\/www.anett.fr\\\/index.php\\\/?s={search_term_string}\"},\"query-input\":{\"@type\":\"PropertyValueSpecification\",\"valueRequired\":true,\"valueName\":\"search_term_string\"}}],\"inLanguage\":\"fr-FR\"},{\"@type\":\"Organization\",\"@id\":\"https:\\\/\\\/www.anett.fr\\\/index.php\\\/#organization\",\"name\":\"Anett\",\"alternateName\":\"Anett, Diff\u00e9rents par Nature\",\"url\":\"https:\\\/\\\/www.anett.fr\\\/index.php\\\/\",\"logo\":{\"@type\":\"ImageObject\",\"inLanguage\":\"fr-FR\",\"@id\":\"https:\\\/\\\/www.anett.fr\\\/index.php\\\/#\\\/schema\\\/logo\\\/image\\\/\",\"url\":\"https:\\\/\\\/www.anett.fr\\\/wp-content\\\/uploads\\\/2024\\\/02\\\/logo-anett-2024.png\",\"contentUrl\":\"https:\\\/\\\/www.anett.fr\\\/wp-content\\\/uploads\\\/2024\\\/02\\\/logo-anett-2024.png\",\"width\":696,\"height\":696,\"caption\":\"Anett\"},\"image\":{\"@id\":\"https:\\\/\\\/www.anett.fr\\\/index.php\\\/#\\\/schema\\\/logo\\\/image\\\/\"},\"sameAs\":[\"https:\\\/\\\/www.facebook.com\\\/profile.php?id=100065673331976\",\"https:\\\/\\\/www.linkedin.com\\\/company\\\/anett\\\/\"]},{\"@type\":\"Person\",\"@id\":\"https:\\\/\\\/www.anett.fr\\\/index.php\\\/#\\\/schema\\\/person\\\/fa7e3e32416c1732adfdb57c71302023\",\"name\":\"Delphine Bichon\",\"url\":\"https:\\\/\\\/www.anett.fr\\\/index.php\\\/author\\\/delphine\\\/\"}]}<\/script>\n<!-- \/ Yoast SEO plugin. -->","yoast_head_json":{"title":"La semaine de l'Exp\u00e9rience Partag\u00e9e - Anett","description":"Anett est la seule entreprise fran\u00e7aise de location-entretien d\u2019articles textiles professionnels \u00e0 avoir choisi de conserver son si\u00e8ge social dans un territoire rural.","robots":{"index":"index","follow":"follow","max-snippet":"max-snippet:-1","max-image-preview":"max-image-preview:large","max-video-preview":"max-video-preview:-1"},"canonical":"https:\/\/www.anett.fr\/index.php\/anett-transition-energetique-copy-copy\/","og_locale":"fr_FR","og_type":"article","og_title":"La semaine de l'Exp\u00e9rience Partag\u00e9e - Anett","og_description":"Anett est la seule entreprise fran\u00e7aise de location-entretien d\u2019articles textiles professionnels \u00e0 avoir choisi de conserver son si\u00e8ge social dans un territoire rural.","og_url":"https:\/\/www.anett.fr\/index.php\/anett-transition-energetique-copy-copy\/","og_site_name":"Anett","article_publisher":"https:\/\/www.facebook.com\/profile.php?id=100065673331976","article_published_time":"2025-05-15T10:04:54+00:00","article_modified_time":"2025-05-15T10:11:47+00:00","og_image":[{"width":1080,"height":1080,"url":"https:\/\/www.anett.fr\/wp-content\/uploads\/2025\/05\/Semaine-experience-partagee-Linkedin-1.png","type":"image\/png"}],"author":"Delphine Bichon","twitter_card":"summary_large_image","twitter_misc":{"\u00c9crit par":"Delphine Bichon","Dur\u00e9e de lecture estim\u00e9e":"2 minutes"},"schema":{"@context":"https:\/\/schema.org","@graph":[{"@type":"Article","@id":"https:\/\/www.anett.fr\/index.php\/anett-transition-energetique-copy-copy\/#article","isPartOf":{"@id":"https:\/\/www.anett.fr\/index.php\/anett-transition-energetique-copy-copy\/"},"author":{"name":"Delphine Bichon","@id":"https:\/\/www.anett.fr\/index.php\/#\/schema\/person\/fa7e3e32416c1732adfdb57c71302023"},"headline":"La semaine de l&rsquo;Exp\u00e9rience Partag\u00e9e","datePublished":"2025-05-15T10:04:54+00:00","dateModified":"2025-05-15T10:11:47+00:00","mainEntityOfPage":{"@id":"https:\/\/www.anett.fr\/index.php\/anett-transition-energetique-copy-copy\/"},"wordCount":175,"publisher":{"@id":"https:\/\/www.anett.fr\/index.php\/#organization"},"image":{"@id":"https:\/\/www.anett.fr\/index.php\/anett-transition-energetique-copy-copy\/#primaryimage"},"thumbnailUrl":"https:\/\/www.anett.fr\/wp-content\/uploads\/2025\/05\/Semaine-experience-partagee-Linkedin-1.png","inLanguage":"fr-FR"},{"@type":"WebPage","@id":"https:\/\/www.anett.fr\/index.php\/anett-transition-energetique-copy-copy\/","url":"https:\/\/www.anett.fr\/index.php\/anett-transition-energetique-copy-copy\/","name":"La semaine de l'Exp\u00e9rience Partag\u00e9e - Anett","isPartOf":{"@id":"https:\/\/www.anett.fr\/index.php\/#website"},"primaryImageOfPage":{"@id":"https:\/\/www.anett.fr\/index.php\/anett-transition-energetique-copy-copy\/#primaryimage"},"image":{"@id":"https:\/\/www.anett.fr\/index.php\/anett-transition-energetique-copy-copy\/#primaryimage"},"thumbnailUrl":"https:\/\/www.anett.fr\/wp-content\/uploads\/2025\/05\/Semaine-experience-partagee-Linkedin-1.png","datePublished":"2025-05-15T10:04:54+00:00","dateModified":"2025-05-15T10:11:47+00:00","description":"Anett est la seule entreprise fran\u00e7aise de location-entretien d\u2019articles textiles professionnels \u00e0 avoir choisi de conserver son si\u00e8ge social dans un territoire rural.","breadcrumb":{"@id":"https:\/\/www.anett.fr\/index.php\/anett-transition-energetique-copy-copy\/#breadcrumb"},"inLanguage":"fr-FR","potentialAction":[{"@type":"ReadAction","target":["https:\/\/www.anett.fr\/index.php\/anett-transition-energetique-copy-copy\/"]}]},{"@type":"ImageObject","inLanguage":"fr-FR","@id":"https:\/\/www.anett.fr\/index.php\/anett-transition-energetique-copy-copy\/#primaryimage","url":"https:\/\/www.anett.fr\/wp-content\/uploads\/2025\/05\/Semaine-experience-partagee-Linkedin-1.png","contentUrl":"https:\/\/www.anett.fr\/wp-content\/uploads\/2025\/05\/Semaine-experience-partagee-Linkedin-1.png","width":1080,"height":1080},{"@type":"BreadcrumbList","@id":"https:\/\/www.anett.fr\/index.php\/anett-transition-energetique-copy-copy\/#breadcrumb","itemListElement":[{"@type":"ListItem","position":1,"name":"Accueil","item":"https:\/\/www.anett.fr\/index.php\/"},{"@type":"ListItem","position":2,"name":"La semaine de l&rsquo;Exp\u00e9rience Partag\u00e9e"}]},{"@type":"WebSite","@id":"https:\/\/www.anett.fr\/index.php\/#website","url":"https:\/\/www.anett.fr\/index.php\/","name":"Anett","description":"Nous portons chaque jour les valeurs de notre engagement","publisher":{"@id":"https:\/\/www.anett.fr\/index.php\/#organization"},"alternateName":"Anett, Diff\u00e9rents par Nature","potentialAction":[{"@type":"SearchAction","target":{"@type":"EntryPoint","urlTemplate":"https:\/\/www.anett.fr\/index.php\/?s={search_term_string}"},"query-input":{"@type":"PropertyValueSpecification","valueRequired":true,"valueName":"search_term_string"}}],"inLanguage":"fr-FR"},{"@type":"Organization","@id":"https:\/\/www.anett.fr\/index.php\/#organization","name":"Anett","alternateName":"Anett, Diff\u00e9rents par Nature","url":"https:\/\/www.anett.fr\/index.php\/","logo":{"@type":"ImageObject","inLanguage":"fr-FR","@id":"https:\/\/www.anett.fr\/index.php\/#\/schema\/logo\/image\/","url":"https:\/\/www.anett.fr\/wp-content\/uploads\/2024\/02\/logo-anett-2024.png","contentUrl":"https:\/\/www.anett.fr\/wp-content\/uploads\/2024\/02\/logo-anett-2024.png","width":696,"height":696,"caption":"Anett"},"image":{"@id":"https:\/\/www.anett.fr\/index.php\/#\/schema\/logo\/image\/"},"sameAs":["https:\/\/www.facebook.com\/profile.php?id=100065673331976","https:\/\/www.linkedin.com\/company\/anett\/"]},{"@type":"Person","@id":"https:\/\/www.anett.fr\/index.php\/#\/schema\/person\/fa7e3e32416c1732adfdb57c71302023","name":"Delphine Bichon","url":"https:\/\/www.anett.fr\/index.php\/author\/delphine\/"}]}},"_links":{"self":[{"href":"https:\/\/www.anett.fr\/index.php\/wp-json\/wp\/v2\/posts\/11179","targetHints":{"allow":["GET"]}}],"collection":[{"href":"https:\/\/www.anett.fr\/index.php\/wp-json\/wp\/v2\/posts"}],"about":[{"href":"https:\/\/www.anett.fr\/index.php\/wp-json\/wp\/v2\/types\/post"}],"author":[{"embeddable":true,"href":"https:\/\/www.anett.fr\/index.php\/wp-json\/wp\/v2\/users\/11"}],"replies":[{"embeddable":true,"href":"https:\/\/www.anett.fr\/index.php\/wp-json\/wp\/v2\/comments?post=11179"}],"version-history":[{"count":3,"href":"https:\/\/www.anett.fr\/index.php\/wp-json\/wp\/v2\/posts\/11179\/revisions"}],"predecessor-version":[{"id":11245,"href":"https:\/\/www.anett.fr\/index.php\/wp-json\/wp\/v2\/posts\/11179\/revisions\/11245"}],"wp:featuredmedia":[{"embeddable":true,"href":"https:\/\/www.anett.fr\/index.php\/wp-json\/wp\/v2\/media\/11180"}],"wp:attachment":[{"href":"https:\/\/www.anett.fr\/index.php\/wp-json\/wp\/v2\/media?parent=11179"}],"wp:term":[{"taxonomy":"category","embeddable":true,"href":"https:\/\/www.anett.fr\/index.php\/wp-json\/wp\/v2\/categories?post=11179"},{"taxonomy":"post_tag","embeddable":true,"href":"https:\/\/www.anett.fr\/index.php\/wp-json\/wp\/v2\/tags?post=11179"}],"curies":[{"name":"wp","href":"https:\/\/api.w.org\/{rel}","templated":true}]}}