{"id":11239,"date":"2025-05-15T12:11:35","date_gmt":"2025-05-15T10:11:35","guid":{"rendered":"https:\/\/www.anett.fr\/index.php\/?p=11239"},"modified":"2025-05-15T12:13:40","modified_gmt":"2025-05-15T10:13:40","slug":"anett-transition-energetique-copy-copy-copy","status":"publish","type":"post","link":"https:\/\/www.anett.fr\/index.php\/anett-transition-energetique-copy-copy-copy\/","title":{"rendered":"La Journ\u00e9e des Familles Anett"},"content":{"rendered":"\n\n\tLe temps d&rsquo;une journ\u00e9e, nous ouvrons nos portes \u00e0 ceux qui comptent le plus pour nous\u00a0: nos familles !\u00a0\nUn moment convivial et p\u00e9dagogique renforce nos liens et permet \u00e0 nos collaborateurs de pr\u00e9senter fi\u00e8rement leur travail. \u200b\nPetits et grands vont plonger dans l&rsquo;univers de la blanchisserie industrielle et d\u00e9couvrir, \u00e0 travers les yeux de nos collaborateurs, la richesse de nos m\u00e9tiers.\u200b\nUn vrai marathon sur toute la France, qui a commenc\u00e9 d\u00e9but Avril dans certains de nos sites : Anett Champagne, Anett Nord Picardie, Anett Aquitaine, et qui se poursuit jusqu&rsquo;au mois de Juin. \u200b\nAu programme :\u200b<br \/>\nVisites guid\u00e9es pour d\u00e9couvrir les coulisses de notre activit\u00e9\u200b<br \/>\nRencontres avec nos \u00e9quipes\u200b<br \/>\nD\u00e9couverte des m\u00e9tiers : distribution, maintenance, production, textile\u200b<br \/>\nAteliers ludiques\u00a0pour le plaisir des petits&#8230; comme des grands !\u200b\nUn moment chaleureux, rempli de rires, de d\u00e9couvertes et surtout de fiert\u00e9 pour nos collaborateurs, heureux de partager leur quotidien avec leurs proches.\u200b\nMerci \u00e0 tous nos \u00e9quipes pour leur implication dans cette premi\u00e8re \u00e9dition ! \n\t<img loading=\"lazy\" decoding=\"async\" src=\"https:\/\/www.anett.fr\/wp-content\/uploads\/2025\/05\/Journee-des-familles-ANETT-_-linkedin-1.png\" alt=\"\" width=\"1080\" height=\"1080\" \/>\u200b\n\t\t\t<a href=\"https:\/\/www.anett.fr\/decouvrir-anett\/actualites\/\" title=\"Cliquez ici\" target=\"_self\"   role=\"button\" aria-label=\"Toutes les actualit\u00e9s\">\n\t\t\t\t\t\t\tToutes les actualit\u00e9s\n\t\t<\/a>\n\n","protected":false},"excerpt":{"rendered":"<p>Le temps d\u2019une journ\u00e9e, nous ouvrons nos portes \u00e0 ceux qui comptent le plus pour nous : nos familles ! <\/p>\n","protected":false},"author":11,"featured_media":11246,"comment_status":"closed","ping_status":"closed","sticky":false,"template":"tpl-full-width.php","format":"standard","meta":{"footnotes":""},"categories":[1],"tags":[],"class_list":["post-11239","post","type-post","status-publish","format-standard","has-post-thumbnail","hentry","category-non-classe"],"yoast_head":"<!-- This site is optimized with the Yoast SEO plugin v27.4 - https:\/\/yoast.com\/product\/yoast-seo-wordpress\/ -->\n<title>La Journ\u00e9e des Familles Anett - Anett<\/title>\n<meta name=\"description\" content=\"Anett est la seule entreprise fran\u00e7aise de location-entretien d\u2019articles textiles professionnels \u00e0 avoir choisi de conserver son si\u00e8ge social dans un territoire rural.\" \/>\n<meta name=\"robots\" content=\"index, follow, max-snippet:-1, max-image-preview:large, max-video-preview:-1\" \/>\n<link rel=\"canonical\" href=\"https:\/\/www.anett.fr\/index.php\/anett-transition-energetique-copy-copy-copy\/\" \/>\n<meta property=\"og:locale\" content=\"fr_FR\" \/>\n<meta property=\"og:type\" content=\"article\" \/>\n<meta property=\"og:title\" content=\"La Journ\u00e9e des Familles Anett - Anett\" \/>\n<meta property=\"og:description\" content=\"Anett est la seule entreprise fran\u00e7aise de location-entretien d\u2019articles textiles professionnels \u00e0 avoir choisi de conserver son si\u00e8ge social dans un territoire rural.\" \/>\n<meta property=\"og:url\" content=\"https:\/\/www.anett.fr\/index.php\/anett-transition-energetique-copy-copy-copy\/\" \/>\n<meta property=\"og:site_name\" content=\"Anett\" \/>\n<meta property=\"article:publisher\" content=\"https:\/\/www.facebook.com\/profile.php?id=100065673331976\" \/>\n<meta property=\"article:published_time\" content=\"2025-05-15T10:11:35+00:00\" \/>\n<meta property=\"article:modified_time\" content=\"2025-05-15T10:13:40+00:00\" \/>\n<meta property=\"og:image\" content=\"https:\/\/www.anett.fr\/wp-content\/uploads\/2025\/05\/Journee-des-familles-ANETT-_-linkedin-2.png\" \/>\n\t<meta property=\"og:image:width\" content=\"1080\" \/>\n\t<meta property=\"og:image:height\" content=\"1080\" \/>\n\t<meta property=\"og:image:type\" content=\"image\/png\" \/>\n<meta name=\"author\" content=\"Delphine Bichon\" \/>\n<meta name=\"twitter:card\" content=\"summary_large_image\" \/>\n<meta name=\"twitter:label1\" content=\"\u00c9crit par\" \/>\n\t<meta name=\"twitter:data1\" content=\"Delphine Bichon\" \/>\n\t<meta name=\"twitter:label2\" content=\"Dur\u00e9e de lecture estim\u00e9e\" \/>\n\t<meta name=\"twitter:data2\" content=\"2 minutes\" \/>\n<script type=\"application\/ld+json\" class=\"yoast-schema-graph\">{\"@context\":\"https:\\\/\\\/schema.org\",\"@graph\":[{\"@type\":\"Article\",\"@id\":\"https:\\\/\\\/www.anett.fr\\\/index.php\\\/anett-transition-energetique-copy-copy-copy\\\/#article\",\"isPartOf\":{\"@id\":\"https:\\\/\\\/www.anett.fr\\\/index.php\\\/anett-transition-energetique-copy-copy-copy\\\/\"},\"author\":{\"name\":\"Delphine Bichon\",\"@id\":\"https:\\\/\\\/www.anett.fr\\\/index.php\\\/#\\\/schema\\\/person\\\/fa7e3e32416c1732adfdb57c71302023\"},\"headline\":\"La Journ\u00e9e des Familles Anett\",\"datePublished\":\"2025-05-15T10:11:35+00:00\",\"dateModified\":\"2025-05-15T10:13:40+00:00\",\"mainEntityOfPage\":{\"@id\":\"https:\\\/\\\/www.anett.fr\\\/index.php\\\/anett-transition-energetique-copy-copy-copy\\\/\"},\"wordCount\":182,\"publisher\":{\"@id\":\"https:\\\/\\\/www.anett.fr\\\/index.php\\\/#organization\"},\"image\":{\"@id\":\"https:\\\/\\\/www.anett.fr\\\/index.php\\\/anett-transition-energetique-copy-copy-copy\\\/#primaryimage\"},\"thumbnailUrl\":\"https:\\\/\\\/www.anett.fr\\\/wp-content\\\/uploads\\\/2025\\\/05\\\/Journee-des-familles-ANETT-_-linkedin-2.png\",\"inLanguage\":\"fr-FR\"},{\"@type\":\"WebPage\",\"@id\":\"https:\\\/\\\/www.anett.fr\\\/index.php\\\/anett-transition-energetique-copy-copy-copy\\\/\",\"url\":\"https:\\\/\\\/www.anett.fr\\\/index.php\\\/anett-transition-energetique-copy-copy-copy\\\/\",\"name\":\"La Journ\u00e9e des Familles Anett - Anett\",\"isPartOf\":{\"@id\":\"https:\\\/\\\/www.anett.fr\\\/index.php\\\/#website\"},\"primaryImageOfPage\":{\"@id\":\"https:\\\/\\\/www.anett.fr\\\/index.php\\\/anett-transition-energetique-copy-copy-copy\\\/#primaryimage\"},\"image\":{\"@id\":\"https:\\\/\\\/www.anett.fr\\\/index.php\\\/anett-transition-energetique-copy-copy-copy\\\/#primaryimage\"},\"thumbnailUrl\":\"https:\\\/\\\/www.anett.fr\\\/wp-content\\\/uploads\\\/2025\\\/05\\\/Journee-des-familles-ANETT-_-linkedin-2.png\",\"datePublished\":\"2025-05-15T10:11:35+00:00\",\"dateModified\":\"2025-05-15T10:13:40+00:00\",\"description\":\"Anett est la seule entreprise fran\u00e7aise de location-entretien d\u2019articles textiles professionnels \u00e0 avoir choisi de conserver son si\u00e8ge social dans un territoire rural.\",\"breadcrumb\":{\"@id\":\"https:\\\/\\\/www.anett.fr\\\/index.php\\\/anett-transition-energetique-copy-copy-copy\\\/#breadcrumb\"},\"inLanguage\":\"fr-FR\",\"potentialAction\":[{\"@type\":\"ReadAction\",\"target\":[\"https:\\\/\\\/www.anett.fr\\\/index.php\\\/anett-transition-energetique-copy-copy-copy\\\/\"]}]},{\"@type\":\"ImageObject\",\"inLanguage\":\"fr-FR\",\"@id\":\"https:\\\/\\\/www.anett.fr\\\/index.php\\\/anett-transition-energetique-copy-copy-copy\\\/#primaryimage\",\"url\":\"https:\\\/\\\/www.anett.fr\\\/wp-content\\\/uploads\\\/2025\\\/05\\\/Journee-des-familles-ANETT-_-linkedin-2.png\",\"contentUrl\":\"https:\\\/\\\/www.anett.fr\\\/wp-content\\\/uploads\\\/2025\\\/05\\\/Journee-des-familles-ANETT-_-linkedin-2.png\",\"width\":1080,\"height\":1080},{\"@type\":\"BreadcrumbList\",\"@id\":\"https:\\\/\\\/www.anett.fr\\\/index.php\\\/anett-transition-energetique-copy-copy-copy\\\/#breadcrumb\",\"itemListElement\":[{\"@type\":\"ListItem\",\"position\":1,\"name\":\"Accueil\",\"item\":\"https:\\\/\\\/www.anett.fr\\\/index.php\\\/\"},{\"@type\":\"ListItem\",\"position\":2,\"name\":\"La Journ\u00e9e des Familles Anett\"}]},{\"@type\":\"WebSite\",\"@id\":\"https:\\\/\\\/www.anett.fr\\\/index.php\\\/#website\",\"url\":\"https:\\\/\\\/www.anett.fr\\\/index.php\\\/\",\"name\":\"Anett\",\"description\":\"Nous portons chaque jour les valeurs de notre engagement\",\"publisher\":{\"@id\":\"https:\\\/\\\/www.anett.fr\\\/index.php\\\/#organization\"},\"alternateName\":\"Anett, Diff\u00e9rents par Nature\",\"potentialAction\":[{\"@type\":\"SearchAction\",\"target\":{\"@type\":\"EntryPoint\",\"urlTemplate\":\"https:\\\/\\\/www.anett.fr\\\/index.php\\\/?s={search_term_string}\"},\"query-input\":{\"@type\":\"PropertyValueSpecification\",\"valueRequired\":true,\"valueName\":\"search_term_string\"}}],\"inLanguage\":\"fr-FR\"},{\"@type\":\"Organization\",\"@id\":\"https:\\\/\\\/www.anett.fr\\\/index.php\\\/#organization\",\"name\":\"Anett\",\"alternateName\":\"Anett, Diff\u00e9rents par Nature\",\"url\":\"https:\\\/\\\/www.anett.fr\\\/index.php\\\/\",\"logo\":{\"@type\":\"ImageObject\",\"inLanguage\":\"fr-FR\",\"@id\":\"https:\\\/\\\/www.anett.fr\\\/index.php\\\/#\\\/schema\\\/logo\\\/image\\\/\",\"url\":\"https:\\\/\\\/www.anett.fr\\\/wp-content\\\/uploads\\\/2024\\\/02\\\/logo-anett-2024.png\",\"contentUrl\":\"https:\\\/\\\/www.anett.fr\\\/wp-content\\\/uploads\\\/2024\\\/02\\\/logo-anett-2024.png\",\"width\":696,\"height\":696,\"caption\":\"Anett\"},\"image\":{\"@id\":\"https:\\\/\\\/www.anett.fr\\\/index.php\\\/#\\\/schema\\\/logo\\\/image\\\/\"},\"sameAs\":[\"https:\\\/\\\/www.facebook.com\\\/profile.php?id=100065673331976\",\"https:\\\/\\\/www.linkedin.com\\\/company\\\/anett\\\/\"]},{\"@type\":\"Person\",\"@id\":\"https:\\\/\\\/www.anett.fr\\\/index.php\\\/#\\\/schema\\\/person\\\/fa7e3e32416c1732adfdb57c71302023\",\"name\":\"Delphine Bichon\",\"url\":\"https:\\\/\\\/www.anett.fr\\\/index.php\\\/author\\\/delphine\\\/\"}]}<\/script>\n<!-- \/ Yoast SEO plugin. -->","yoast_head_json":{"title":"La Journ\u00e9e des Familles Anett - Anett","description":"Anett est la seule entreprise fran\u00e7aise de location-entretien d\u2019articles textiles professionnels \u00e0 avoir choisi de conserver son si\u00e8ge social dans un territoire rural.","robots":{"index":"index","follow":"follow","max-snippet":"max-snippet:-1","max-image-preview":"max-image-preview:large","max-video-preview":"max-video-preview:-1"},"canonical":"https:\/\/www.anett.fr\/index.php\/anett-transition-energetique-copy-copy-copy\/","og_locale":"fr_FR","og_type":"article","og_title":"La Journ\u00e9e des Familles Anett - Anett","og_description":"Anett est la seule entreprise fran\u00e7aise de location-entretien d\u2019articles textiles professionnels \u00e0 avoir choisi de conserver son si\u00e8ge social dans un territoire rural.","og_url":"https:\/\/www.anett.fr\/index.php\/anett-transition-energetique-copy-copy-copy\/","og_site_name":"Anett","article_publisher":"https:\/\/www.facebook.com\/profile.php?id=100065673331976","article_published_time":"2025-05-15T10:11:35+00:00","article_modified_time":"2025-05-15T10:13:40+00:00","og_image":[{"width":1080,"height":1080,"url":"https:\/\/www.anett.fr\/wp-content\/uploads\/2025\/05\/Journee-des-familles-ANETT-_-linkedin-2.png","type":"image\/png"}],"author":"Delphine Bichon","twitter_card":"summary_large_image","twitter_misc":{"\u00c9crit par":"Delphine Bichon","Dur\u00e9e de lecture estim\u00e9e":"2 minutes"},"schema":{"@context":"https:\/\/schema.org","@graph":[{"@type":"Article","@id":"https:\/\/www.anett.fr\/index.php\/anett-transition-energetique-copy-copy-copy\/#article","isPartOf":{"@id":"https:\/\/www.anett.fr\/index.php\/anett-transition-energetique-copy-copy-copy\/"},"author":{"name":"Delphine Bichon","@id":"https:\/\/www.anett.fr\/index.php\/#\/schema\/person\/fa7e3e32416c1732adfdb57c71302023"},"headline":"La Journ\u00e9e des Familles Anett","datePublished":"2025-05-15T10:11:35+00:00","dateModified":"2025-05-15T10:13:40+00:00","mainEntityOfPage":{"@id":"https:\/\/www.anett.fr\/index.php\/anett-transition-energetique-copy-copy-copy\/"},"wordCount":182,"publisher":{"@id":"https:\/\/www.anett.fr\/index.php\/#organization"},"image":{"@id":"https:\/\/www.anett.fr\/index.php\/anett-transition-energetique-copy-copy-copy\/#primaryimage"},"thumbnailUrl":"https:\/\/www.anett.fr\/wp-content\/uploads\/2025\/05\/Journee-des-familles-ANETT-_-linkedin-2.png","inLanguage":"fr-FR"},{"@type":"WebPage","@id":"https:\/\/www.anett.fr\/index.php\/anett-transition-energetique-copy-copy-copy\/","url":"https:\/\/www.anett.fr\/index.php\/anett-transition-energetique-copy-copy-copy\/","name":"La Journ\u00e9e des Familles Anett - Anett","isPartOf":{"@id":"https:\/\/www.anett.fr\/index.php\/#website"},"primaryImageOfPage":{"@id":"https:\/\/www.anett.fr\/index.php\/anett-transition-energetique-copy-copy-copy\/#primaryimage"},"image":{"@id":"https:\/\/www.anett.fr\/index.php\/anett-transition-energetique-copy-copy-copy\/#primaryimage"},"thumbnailUrl":"https:\/\/www.anett.fr\/wp-content\/uploads\/2025\/05\/Journee-des-familles-ANETT-_-linkedin-2.png","datePublished":"2025-05-15T10:11:35+00:00","dateModified":"2025-05-15T10:13:40+00:00","description":"Anett est la seule entreprise fran\u00e7aise de location-entretien d\u2019articles textiles professionnels \u00e0 avoir choisi de conserver son si\u00e8ge social dans un territoire rural.","breadcrumb":{"@id":"https:\/\/www.anett.fr\/index.php\/anett-transition-energetique-copy-copy-copy\/#breadcrumb"},"inLanguage":"fr-FR","potentialAction":[{"@type":"ReadAction","target":["https:\/\/www.anett.fr\/index.php\/anett-transition-energetique-copy-copy-copy\/"]}]},{"@type":"ImageObject","inLanguage":"fr-FR","@id":"https:\/\/www.anett.fr\/index.php\/anett-transition-energetique-copy-copy-copy\/#primaryimage","url":"https:\/\/www.anett.fr\/wp-content\/uploads\/2025\/05\/Journee-des-familles-ANETT-_-linkedin-2.png","contentUrl":"https:\/\/www.anett.fr\/wp-content\/uploads\/2025\/05\/Journee-des-familles-ANETT-_-linkedin-2.png","width":1080,"height":1080},{"@type":"BreadcrumbList","@id":"https:\/\/www.anett.fr\/index.php\/anett-transition-energetique-copy-copy-copy\/#breadcrumb","itemListElement":[{"@type":"ListItem","position":1,"name":"Accueil","item":"https:\/\/www.anett.fr\/index.php\/"},{"@type":"ListItem","position":2,"name":"La Journ\u00e9e des Familles Anett"}]},{"@type":"WebSite","@id":"https:\/\/www.anett.fr\/index.php\/#website","url":"https:\/\/www.anett.fr\/index.php\/","name":"Anett","description":"Nous portons chaque jour les valeurs de notre engagement","publisher":{"@id":"https:\/\/www.anett.fr\/index.php\/#organization"},"alternateName":"Anett, Diff\u00e9rents par Nature","potentialAction":[{"@type":"SearchAction","target":{"@type":"EntryPoint","urlTemplate":"https:\/\/www.anett.fr\/index.php\/?s={search_term_string}"},"query-input":{"@type":"PropertyValueSpecification","valueRequired":true,"valueName":"search_term_string"}}],"inLanguage":"fr-FR"},{"@type":"Organization","@id":"https:\/\/www.anett.fr\/index.php\/#organization","name":"Anett","alternateName":"Anett, Diff\u00e9rents par Nature","url":"https:\/\/www.anett.fr\/index.php\/","logo":{"@type":"ImageObject","inLanguage":"fr-FR","@id":"https:\/\/www.anett.fr\/index.php\/#\/schema\/logo\/image\/","url":"https:\/\/www.anett.fr\/wp-content\/uploads\/2024\/02\/logo-anett-2024.png","contentUrl":"https:\/\/www.anett.fr\/wp-content\/uploads\/2024\/02\/logo-anett-2024.png","width":696,"height":696,"caption":"Anett"},"image":{"@id":"https:\/\/www.anett.fr\/index.php\/#\/schema\/logo\/image\/"},"sameAs":["https:\/\/www.facebook.com\/profile.php?id=100065673331976","https:\/\/www.linkedin.com\/company\/anett\/"]},{"@type":"Person","@id":"https:\/\/www.anett.fr\/index.php\/#\/schema\/person\/fa7e3e32416c1732adfdb57c71302023","name":"Delphine Bichon","url":"https:\/\/www.anett.fr\/index.php\/author\/delphine\/"}]}},"_links":{"self":[{"href":"https:\/\/www.anett.fr\/index.php\/wp-json\/wp\/v2\/posts\/11239","targetHints":{"allow":["GET"]}}],"collection":[{"href":"https:\/\/www.anett.fr\/index.php\/wp-json\/wp\/v2\/posts"}],"about":[{"href":"https:\/\/www.anett.fr\/index.php\/wp-json\/wp\/v2\/types\/post"}],"author":[{"embeddable":true,"href":"https:\/\/www.anett.fr\/index.php\/wp-json\/wp\/v2\/users\/11"}],"replies":[{"embeddable":true,"href":"https:\/\/www.anett.fr\/index.php\/wp-json\/wp\/v2\/comments?post=11239"}],"version-history":[{"count":2,"href":"https:\/\/www.anett.fr\/index.php\/wp-json\/wp\/v2\/posts\/11239\/revisions"}],"predecessor-version":[{"id":11244,"href":"https:\/\/www.anett.fr\/index.php\/wp-json\/wp\/v2\/posts\/11239\/revisions\/11244"}],"wp:featuredmedia":[{"embeddable":true,"href":"https:\/\/www.anett.fr\/index.php\/wp-json\/wp\/v2\/media\/11246"}],"wp:attachment":[{"href":"https:\/\/www.anett.fr\/index.php\/wp-json\/wp\/v2\/media?parent=11239"}],"wp:term":[{"taxonomy":"category","embeddable":true,"href":"https:\/\/www.anett.fr\/index.php\/wp-json\/wp\/v2\/categories?post=11239"},{"taxonomy":"post_tag","embeddable":true,"href":"https:\/\/www.anett.fr\/index.php\/wp-json\/wp\/v2\/tags?post=11239"}],"curies":[{"name":"wp","href":"https:\/\/api.w.org\/{rel}","templated":true}]}}