{"id":3020,"date":"2024-07-09T11:24:29","date_gmt":"2024-07-09T09:24:29","guid":{"rendered":"https:\/\/www.anett.fr\/index.php\/?p=3020"},"modified":"2024-07-09T11:32:21","modified_gmt":"2024-07-09T09:32:21","slug":"anett-ancrage-territorial","status":"publish","type":"post","link":"https:\/\/www.anett.fr\/index.php\/anett-ancrage-territorial\/","title":{"rendered":"L&rsquo;Ancrage Territorial d&rsquo;Anett"},"content":{"rendered":"\n\n\t<p><strong>Un Engagement Durable pour les R\u00e9gions <\/strong><\/p>\n<p>Anett est la seule entreprise fran\u00e7aise de location-entretien d&rsquo;articles textiles professionnels \u00e0 avoir choisi de conserver son si\u00e8ge social dans un territoire rural. Cette d\u00e9cision t\u00e9moigne de l&rsquo;attachement profond de nos racines et de notre engagement envers le d\u00e9veloppement r\u00e9gional.<\/p>\n<p><img loading=\"lazy\" decoding=\"async\" src=\"https:\/\/www.anett.fr\/wp-content\/uploads\/2024\/07\/Ancrage-territorial-Linkedin-5.png\" alt=\"\" width=\"290\" height=\"290\" \/><\/p>\n<p><strong>Un Si\u00e8ge Historique aux bords du Thouet<\/strong><\/p>\n<p>Depuis sa cr\u00e9ation, Anett a su respecter son environnement et valoriser le lien social. Notre si\u00e8ge social et son usine historique sont toujours situ\u00e9s \u00e0 Thouars, dans les Deux-S\u00e8vres (79), sur les bords du Thouet. Cette localisation est bien plus qu&rsquo;un choix strat\u00e9gique ; elle est le reflet d&rsquo;un engagement authentique envers le territoire qui a vu na\u00eetre l&rsquo;entreprise.<\/p>\n<p>&nbsp;<\/p>\n<p><strong>Des Initiatives Locales<\/strong><\/p>\n<p>Chez Anett, la Responsabilit\u00e9 Soci\u00e9tale et Environnementale est au c\u0153ur de notre quotidien. Nous mettons en place diverses initiatives locales visant \u00e0 renforcer les liens avec les communaut\u00e9s environnantes et \u00e0 contribuer \u00e0 leur d\u00e9veloppement.<\/p>\n<p><strong>Partenariats avec des Associations Locales<\/strong><\/p>\n<p>Anett s&rsquo;engage activement dans le monde associatif par le biais de plusieurs initiatives :<\/p>\n<p>Dons en nature : Fourniture gratuite de textiles.<\/p>\n<p>Prestations de lavage offertes : Soutien direct aux associations.<\/p>\n<p>Implication dans les clubs d&rsquo;entreprises locaux : Renforcement du tissu \u00e9conomique local.<\/p>\n<p><strong>Participation aux \u00c9v\u00e8nements Locaux<\/strong><\/p>\n<p>Nous encourageons nos \u00e9quipes \u00e0 s&rsquo;impliquer dans la vie locale. Par exemple, certains de nos sites permettent \u00e0 leurs employ\u00e9s de donner leur sang pendant les heures de travail. De plus, chaque ann\u00e9e, nos collaborateurs participent en \u00e9quipe \u00e0 des \u00e9v\u00e8nements sportifs organis\u00e9s par des associations, favorisant ainsi la coh\u00e9sion et le soutien aux initiatives locales.<\/p>\n<p>&nbsp;<\/p>\n\t<p><strong>Soutien \u00e0 la Formation<\/strong><\/p>\n<p>Anett est \u00e9galement un acteur dans le domaine de la formation :<\/p>\n<p>Jury d&rsquo;examen : Participation active aupr\u00e8s de nos \u00e9coles partenaires.<\/p>\n<p>Accompagnement des demandeurs d&#8217;emploi : Interventions dans les missions locales et associations d&rsquo;insertion.<\/p>\n<p>M\u00e9c\u00e9nat de comp\u00e9tences : Partage de notre expertise en RSE avec les PME locales<strong>.<\/strong><\/p>\n<p><strong>Dynamisation des R\u00e9gions Rurales<\/strong><\/p>\n<p>En maintenant nos sites dans des zones rurales, Anett contribue \u00e0 la dynamisation de ces r\u00e9gions. Nos usines deviennent des p\u00f4les d&rsquo;activit\u00e9, nous cr\u00e9ons des emplois l\u00e0 o\u00f9 ils sont souvent rares, offrant ainsi des opportunit\u00e9s professionnelles pr\u00e9cieuses aux habitants de ces r\u00e9gions.<\/p>\n<p>La proximit\u00e9 avec les communaut\u00e9s locales nous permet de mieux comprendre leurs besoins et d&rsquo;y r\u00e9pondre de mani\u00e8re adapt\u00e9e. Choisir Anett, c&rsquo;est choisir une entreprise qui privil\u00e9gie le d\u00e9veloppement \u00e9conomique et social des territoires ruraux fran\u00e7ais.<\/p>\n<p><strong>Anett, Diff\u00e9rents par Nature.<\/strong><\/p>\n<p><strong><img loading=\"lazy\" decoding=\"async\" src=\"https:\/\/www.anett.fr\/wp-content\/uploads\/2024\/07\/Retrospective-LInkedin-.png\" alt=\"\" width=\"517\" height=\"517\" \/><\/strong><\/p>\n<p><b>\u00a0<\/b><\/p>\n\t\t\t<a href=\"https:\/\/www.anett.fr\/decouvrir-anett\/actualites\/\" target=\"_self\" role=\"button\" aria-label=\"Toutes les actualit\u00e9s\" rel=\"noopener\">\n\t\t\t\t\t\t\tToutes les actualit\u00e9s\n\t\t<\/a>\n\n","protected":false},"excerpt":{"rendered":"<p>Anett est la seule entreprise fran\u00e7aise de location-entretien d\u2019articles textiles professionnels \u00e0 avoir choisi de conserver son si\u00e8ge social dans un territoire rural. Cette d\u00e9cision t\u00e9moigne de l&rsquo;attachement profond de nos racines et de notre engagement envers le d\u00e9veloppement r\u00e9gional.<\/p>\n","protected":false},"author":11,"featured_media":3026,"comment_status":"closed","ping_status":"closed","sticky":false,"template":"tpl-full-width.php","format":"standard","meta":{"footnotes":""},"categories":[1],"tags":[],"class_list":["post-3020","post","type-post","status-publish","format-standard","has-post-thumbnail","hentry","category-non-classe"],"yoast_head":"<!-- This site is optimized with the Yoast SEO plugin v27.4 - https:\/\/yoast.com\/product\/yoast-seo-wordpress\/ -->\n<title>L&#039;Ancrage Territorial d&#039;Anett - Anett<\/title>\n<meta name=\"description\" content=\"Anett est la seule entreprise fran\u00e7aise de location-entretien d\u2019articles textiles professionnels \u00e0 avoir choisi de conserver son si\u00e8ge social dans un territoire rural.\" \/>\n<meta name=\"robots\" content=\"index, follow, max-snippet:-1, max-image-preview:large, max-video-preview:-1\" \/>\n<link rel=\"canonical\" href=\"https:\/\/www.anett.fr\/index.php\/anett-ancrage-territorial\/\" \/>\n<meta property=\"og:locale\" content=\"fr_FR\" \/>\n<meta property=\"og:type\" content=\"article\" \/>\n<meta property=\"og:title\" content=\"L&#039;Ancrage Territorial d&#039;Anett - Anett\" \/>\n<meta property=\"og:description\" content=\"Anett est la seule entreprise fran\u00e7aise de location-entretien d\u2019articles textiles professionnels \u00e0 avoir choisi de conserver son si\u00e8ge social dans un territoire rural.\" \/>\n<meta property=\"og:url\" content=\"https:\/\/www.anett.fr\/index.php\/anett-ancrage-territorial\/\" \/>\n<meta property=\"og:site_name\" content=\"Anett\" \/>\n<meta property=\"article:publisher\" content=\"https:\/\/www.facebook.com\/profile.php?id=100065673331976\" \/>\n<meta property=\"article:published_time\" content=\"2024-07-09T09:24:29+00:00\" \/>\n<meta property=\"article:modified_time\" content=\"2024-07-09T09:32:21+00:00\" \/>\n<meta property=\"og:image\" content=\"https:\/\/www.anett.fr\/wp-content\/uploads\/2024\/07\/Ancrage-territorial-Linkedin-4.png\" \/>\n\t<meta property=\"og:image:width\" content=\"1080\" \/>\n\t<meta property=\"og:image:height\" content=\"1080\" \/>\n\t<meta property=\"og:image:type\" content=\"image\/png\" \/>\n<meta name=\"author\" content=\"Delphine Bichon\" \/>\n<meta name=\"twitter:card\" content=\"summary_large_image\" \/>\n<meta name=\"twitter:label1\" content=\"\u00c9crit par\" \/>\n\t<meta name=\"twitter:data1\" content=\"Delphine Bichon\" \/>\n\t<meta name=\"twitter:label2\" content=\"Dur\u00e9e de lecture estim\u00e9e\" \/>\n\t<meta name=\"twitter:data2\" content=\"3 minutes\" \/>\n<script type=\"application\/ld+json\" class=\"yoast-schema-graph\">{\"@context\":\"https:\\\/\\\/schema.org\",\"@graph\":[{\"@type\":\"Article\",\"@id\":\"https:\\\/\\\/www.anett.fr\\\/index.php\\\/anett-ancrage-territorial\\\/#article\",\"isPartOf\":{\"@id\":\"https:\\\/\\\/www.anett.fr\\\/index.php\\\/anett-ancrage-territorial\\\/\"},\"author\":{\"name\":\"Delphine Bichon\",\"@id\":\"https:\\\/\\\/www.anett.fr\\\/index.php\\\/#\\\/schema\\\/person\\\/fa7e3e32416c1732adfdb57c71302023\"},\"headline\":\"L&rsquo;Ancrage Territorial d&rsquo;Anett\",\"datePublished\":\"2024-07-09T09:24:29+00:00\",\"dateModified\":\"2024-07-09T09:32:21+00:00\",\"mainEntityOfPage\":{\"@id\":\"https:\\\/\\\/www.anett.fr\\\/index.php\\\/anett-ancrage-territorial\\\/\"},\"wordCount\":446,\"publisher\":{\"@id\":\"https:\\\/\\\/www.anett.fr\\\/index.php\\\/#organization\"},\"image\":{\"@id\":\"https:\\\/\\\/www.anett.fr\\\/index.php\\\/anett-ancrage-territorial\\\/#primaryimage\"},\"thumbnailUrl\":\"https:\\\/\\\/www.anett.fr\\\/wp-content\\\/uploads\\\/2024\\\/07\\\/Ancrage-territorial-Linkedin-4.png\",\"inLanguage\":\"fr-FR\"},{\"@type\":\"WebPage\",\"@id\":\"https:\\\/\\\/www.anett.fr\\\/index.php\\\/anett-ancrage-territorial\\\/\",\"url\":\"https:\\\/\\\/www.anett.fr\\\/index.php\\\/anett-ancrage-territorial\\\/\",\"name\":\"L'Ancrage Territorial d'Anett - Anett\",\"isPartOf\":{\"@id\":\"https:\\\/\\\/www.anett.fr\\\/index.php\\\/#website\"},\"primaryImageOfPage\":{\"@id\":\"https:\\\/\\\/www.anett.fr\\\/index.php\\\/anett-ancrage-territorial\\\/#primaryimage\"},\"image\":{\"@id\":\"https:\\\/\\\/www.anett.fr\\\/index.php\\\/anett-ancrage-territorial\\\/#primaryimage\"},\"thumbnailUrl\":\"https:\\\/\\\/www.anett.fr\\\/wp-content\\\/uploads\\\/2024\\\/07\\\/Ancrage-territorial-Linkedin-4.png\",\"datePublished\":\"2024-07-09T09:24:29+00:00\",\"dateModified\":\"2024-07-09T09:32:21+00:00\",\"description\":\"Anett est la seule entreprise fran\u00e7aise de location-entretien d\u2019articles textiles professionnels \u00e0 avoir choisi de conserver son si\u00e8ge social dans un territoire rural.\",\"breadcrumb\":{\"@id\":\"https:\\\/\\\/www.anett.fr\\\/index.php\\\/anett-ancrage-territorial\\\/#breadcrumb\"},\"inLanguage\":\"fr-FR\",\"potentialAction\":[{\"@type\":\"ReadAction\",\"target\":[\"https:\\\/\\\/www.anett.fr\\\/index.php\\\/anett-ancrage-territorial\\\/\"]}]},{\"@type\":\"ImageObject\",\"inLanguage\":\"fr-FR\",\"@id\":\"https:\\\/\\\/www.anett.fr\\\/index.php\\\/anett-ancrage-territorial\\\/#primaryimage\",\"url\":\"https:\\\/\\\/www.anett.fr\\\/wp-content\\\/uploads\\\/2024\\\/07\\\/Ancrage-territorial-Linkedin-4.png\",\"contentUrl\":\"https:\\\/\\\/www.anett.fr\\\/wp-content\\\/uploads\\\/2024\\\/07\\\/Ancrage-territorial-Linkedin-4.png\",\"width\":1080,\"height\":1080},{\"@type\":\"BreadcrumbList\",\"@id\":\"https:\\\/\\\/www.anett.fr\\\/index.php\\\/anett-ancrage-territorial\\\/#breadcrumb\",\"itemListElement\":[{\"@type\":\"ListItem\",\"position\":1,\"name\":\"Accueil\",\"item\":\"https:\\\/\\\/www.anett.fr\\\/index.php\\\/\"},{\"@type\":\"ListItem\",\"position\":2,\"name\":\"L&#8217;Ancrage Territorial d&#8217;Anett\"}]},{\"@type\":\"WebSite\",\"@id\":\"https:\\\/\\\/www.anett.fr\\\/index.php\\\/#website\",\"url\":\"https:\\\/\\\/www.anett.fr\\\/index.php\\\/\",\"name\":\"Anett\",\"description\":\"Nous portons chaque jour les valeurs de notre engagement\",\"publisher\":{\"@id\":\"https:\\\/\\\/www.anett.fr\\\/index.php\\\/#organization\"},\"alternateName\":\"Anett, Diff\u00e9rents par Nature\",\"potentialAction\":[{\"@type\":\"SearchAction\",\"target\":{\"@type\":\"EntryPoint\",\"urlTemplate\":\"https:\\\/\\\/www.anett.fr\\\/index.php\\\/?s={search_term_string}\"},\"query-input\":{\"@type\":\"PropertyValueSpecification\",\"valueRequired\":true,\"valueName\":\"search_term_string\"}}],\"inLanguage\":\"fr-FR\"},{\"@type\":\"Organization\",\"@id\":\"https:\\\/\\\/www.anett.fr\\\/index.php\\\/#organization\",\"name\":\"Anett\",\"alternateName\":\"Anett, Diff\u00e9rents par Nature\",\"url\":\"https:\\\/\\\/www.anett.fr\\\/index.php\\\/\",\"logo\":{\"@type\":\"ImageObject\",\"inLanguage\":\"fr-FR\",\"@id\":\"https:\\\/\\\/www.anett.fr\\\/index.php\\\/#\\\/schema\\\/logo\\\/image\\\/\",\"url\":\"https:\\\/\\\/www.anett.fr\\\/wp-content\\\/uploads\\\/2024\\\/02\\\/logo-anett-2024.png\",\"contentUrl\":\"https:\\\/\\\/www.anett.fr\\\/wp-content\\\/uploads\\\/2024\\\/02\\\/logo-anett-2024.png\",\"width\":696,\"height\":696,\"caption\":\"Anett\"},\"image\":{\"@id\":\"https:\\\/\\\/www.anett.fr\\\/index.php\\\/#\\\/schema\\\/logo\\\/image\\\/\"},\"sameAs\":[\"https:\\\/\\\/www.facebook.com\\\/profile.php?id=100065673331976\",\"https:\\\/\\\/www.linkedin.com\\\/company\\\/anett\\\/\"]},{\"@type\":\"Person\",\"@id\":\"https:\\\/\\\/www.anett.fr\\\/index.php\\\/#\\\/schema\\\/person\\\/fa7e3e32416c1732adfdb57c71302023\",\"name\":\"Delphine Bichon\",\"url\":\"https:\\\/\\\/www.anett.fr\\\/index.php\\\/author\\\/delphine\\\/\"}]}<\/script>\n<!-- \/ Yoast SEO plugin. -->","yoast_head_json":{"title":"L'Ancrage Territorial d'Anett - Anett","description":"Anett est la seule entreprise fran\u00e7aise de location-entretien d\u2019articles textiles professionnels \u00e0 avoir choisi de conserver son si\u00e8ge social dans un territoire rural.","robots":{"index":"index","follow":"follow","max-snippet":"max-snippet:-1","max-image-preview":"max-image-preview:large","max-video-preview":"max-video-preview:-1"},"canonical":"https:\/\/www.anett.fr\/index.php\/anett-ancrage-territorial\/","og_locale":"fr_FR","og_type":"article","og_title":"L'Ancrage Territorial d'Anett - Anett","og_description":"Anett est la seule entreprise fran\u00e7aise de location-entretien d\u2019articles textiles professionnels \u00e0 avoir choisi de conserver son si\u00e8ge social dans un territoire rural.","og_url":"https:\/\/www.anett.fr\/index.php\/anett-ancrage-territorial\/","og_site_name":"Anett","article_publisher":"https:\/\/www.facebook.com\/profile.php?id=100065673331976","article_published_time":"2024-07-09T09:24:29+00:00","article_modified_time":"2024-07-09T09:32:21+00:00","og_image":[{"width":1080,"height":1080,"url":"https:\/\/www.anett.fr\/wp-content\/uploads\/2024\/07\/Ancrage-territorial-Linkedin-4.png","type":"image\/png"}],"author":"Delphine Bichon","twitter_card":"summary_large_image","twitter_misc":{"\u00c9crit par":"Delphine Bichon","Dur\u00e9e de lecture estim\u00e9e":"3 minutes"},"schema":{"@context":"https:\/\/schema.org","@graph":[{"@type":"Article","@id":"https:\/\/www.anett.fr\/index.php\/anett-ancrage-territorial\/#article","isPartOf":{"@id":"https:\/\/www.anett.fr\/index.php\/anett-ancrage-territorial\/"},"author":{"name":"Delphine Bichon","@id":"https:\/\/www.anett.fr\/index.php\/#\/schema\/person\/fa7e3e32416c1732adfdb57c71302023"},"headline":"L&rsquo;Ancrage Territorial d&rsquo;Anett","datePublished":"2024-07-09T09:24:29+00:00","dateModified":"2024-07-09T09:32:21+00:00","mainEntityOfPage":{"@id":"https:\/\/www.anett.fr\/index.php\/anett-ancrage-territorial\/"},"wordCount":446,"publisher":{"@id":"https:\/\/www.anett.fr\/index.php\/#organization"},"image":{"@id":"https:\/\/www.anett.fr\/index.php\/anett-ancrage-territorial\/#primaryimage"},"thumbnailUrl":"https:\/\/www.anett.fr\/wp-content\/uploads\/2024\/07\/Ancrage-territorial-Linkedin-4.png","inLanguage":"fr-FR"},{"@type":"WebPage","@id":"https:\/\/www.anett.fr\/index.php\/anett-ancrage-territorial\/","url":"https:\/\/www.anett.fr\/index.php\/anett-ancrage-territorial\/","name":"L'Ancrage Territorial d'Anett - Anett","isPartOf":{"@id":"https:\/\/www.anett.fr\/index.php\/#website"},"primaryImageOfPage":{"@id":"https:\/\/www.anett.fr\/index.php\/anett-ancrage-territorial\/#primaryimage"},"image":{"@id":"https:\/\/www.anett.fr\/index.php\/anett-ancrage-territorial\/#primaryimage"},"thumbnailUrl":"https:\/\/www.anett.fr\/wp-content\/uploads\/2024\/07\/Ancrage-territorial-Linkedin-4.png","datePublished":"2024-07-09T09:24:29+00:00","dateModified":"2024-07-09T09:32:21+00:00","description":"Anett est la seule entreprise fran\u00e7aise de location-entretien d\u2019articles textiles professionnels \u00e0 avoir choisi de conserver son si\u00e8ge social dans un territoire rural.","breadcrumb":{"@id":"https:\/\/www.anett.fr\/index.php\/anett-ancrage-territorial\/#breadcrumb"},"inLanguage":"fr-FR","potentialAction":[{"@type":"ReadAction","target":["https:\/\/www.anett.fr\/index.php\/anett-ancrage-territorial\/"]}]},{"@type":"ImageObject","inLanguage":"fr-FR","@id":"https:\/\/www.anett.fr\/index.php\/anett-ancrage-territorial\/#primaryimage","url":"https:\/\/www.anett.fr\/wp-content\/uploads\/2024\/07\/Ancrage-territorial-Linkedin-4.png","contentUrl":"https:\/\/www.anett.fr\/wp-content\/uploads\/2024\/07\/Ancrage-territorial-Linkedin-4.png","width":1080,"height":1080},{"@type":"BreadcrumbList","@id":"https:\/\/www.anett.fr\/index.php\/anett-ancrage-territorial\/#breadcrumb","itemListElement":[{"@type":"ListItem","position":1,"name":"Accueil","item":"https:\/\/www.anett.fr\/index.php\/"},{"@type":"ListItem","position":2,"name":"L&#8217;Ancrage Territorial d&#8217;Anett"}]},{"@type":"WebSite","@id":"https:\/\/www.anett.fr\/index.php\/#website","url":"https:\/\/www.anett.fr\/index.php\/","name":"Anett","description":"Nous portons chaque jour les valeurs de notre engagement","publisher":{"@id":"https:\/\/www.anett.fr\/index.php\/#organization"},"alternateName":"Anett, Diff\u00e9rents par Nature","potentialAction":[{"@type":"SearchAction","target":{"@type":"EntryPoint","urlTemplate":"https:\/\/www.anett.fr\/index.php\/?s={search_term_string}"},"query-input":{"@type":"PropertyValueSpecification","valueRequired":true,"valueName":"search_term_string"}}],"inLanguage":"fr-FR"},{"@type":"Organization","@id":"https:\/\/www.anett.fr\/index.php\/#organization","name":"Anett","alternateName":"Anett, Diff\u00e9rents par Nature","url":"https:\/\/www.anett.fr\/index.php\/","logo":{"@type":"ImageObject","inLanguage":"fr-FR","@id":"https:\/\/www.anett.fr\/index.php\/#\/schema\/logo\/image\/","url":"https:\/\/www.anett.fr\/wp-content\/uploads\/2024\/02\/logo-anett-2024.png","contentUrl":"https:\/\/www.anett.fr\/wp-content\/uploads\/2024\/02\/logo-anett-2024.png","width":696,"height":696,"caption":"Anett"},"image":{"@id":"https:\/\/www.anett.fr\/index.php\/#\/schema\/logo\/image\/"},"sameAs":["https:\/\/www.facebook.com\/profile.php?id=100065673331976","https:\/\/www.linkedin.com\/company\/anett\/"]},{"@type":"Person","@id":"https:\/\/www.anett.fr\/index.php\/#\/schema\/person\/fa7e3e32416c1732adfdb57c71302023","name":"Delphine Bichon","url":"https:\/\/www.anett.fr\/index.php\/author\/delphine\/"}]}},"_links":{"self":[{"href":"https:\/\/www.anett.fr\/index.php\/wp-json\/wp\/v2\/posts\/3020","targetHints":{"allow":["GET"]}}],"collection":[{"href":"https:\/\/www.anett.fr\/index.php\/wp-json\/wp\/v2\/posts"}],"about":[{"href":"https:\/\/www.anett.fr\/index.php\/wp-json\/wp\/v2\/types\/post"}],"author":[{"embeddable":true,"href":"https:\/\/www.anett.fr\/index.php\/wp-json\/wp\/v2\/users\/11"}],"replies":[{"embeddable":true,"href":"https:\/\/www.anett.fr\/index.php\/wp-json\/wp\/v2\/comments?post=3020"}],"version-history":[{"count":0,"href":"https:\/\/www.anett.fr\/index.php\/wp-json\/wp\/v2\/posts\/3020\/revisions"}],"wp:featuredmedia":[{"embeddable":true,"href":"https:\/\/www.anett.fr\/index.php\/wp-json\/wp\/v2\/media\/3026"}],"wp:attachment":[{"href":"https:\/\/www.anett.fr\/index.php\/wp-json\/wp\/v2\/media?parent=3020"}],"wp:term":[{"taxonomy":"category","embeddable":true,"href":"https:\/\/www.anett.fr\/index.php\/wp-json\/wp\/v2\/categories?post=3020"},{"taxonomy":"post_tag","embeddable":true,"href":"https:\/\/www.anett.fr\/index.php\/wp-json\/wp\/v2\/tags?post=3020"}],"curies":[{"name":"wp","href":"https:\/\/api.w.org\/{rel}","templated":true}]}}