{"id":3094,"date":"2024-11-22T11:20:10","date_gmt":"2024-11-22T10:20:10","guid":{"rendered":"https:\/\/www.anett.fr\/index.php\/?p=3094"},"modified":"2024-11-22T11:20:10","modified_gmt":"2024-11-22T10:20:10","slug":"handicap-anett","status":"publish","type":"post","link":"https:\/\/www.anett.fr\/index.php\/handicap-anett\/","title":{"rendered":"Engagements d&rsquo;Anett en faveur du handicap : nos mesures en action !"},"content":{"rendered":"\n\n\t<p>Faire savoir et renforcer ce que nous faisions d\u00e9j\u00e0 : c&rsquo;est notre ambition avec le d\u00e9ploiement national de notre politique handicap.<\/p>\n<p>Tous nos sites ont organis\u00e9 des animations et des ateliers de sensibilisation visant \u00e0 briser les id\u00e9es re\u00e7ues et \u00e0 favoriser la compr\u00e9hension des enjeux li\u00e9s au handicap.<\/p>\n<p>Ces initiatives sont con\u00e7ues pour sensibiliser chacun d&rsquo;entre nous et encourager une prise de conscience collective. Chez Anett, nous croyons que la diversit\u00e9 est une force et qu&rsquo;elle enrichit notre environnement de travail.<\/p>\n<p>Nous sommes fiers de d\u00e9ployer plusieurs mesures concr\u00e8tes pour accompagner nos collaborateurs en situation de handicap. Voici un aper\u00e7u des initiatives que nous avons mises en place :<\/p>\n<ul>\n<li>Ch\u00e8ques CESU : Un moyen pratique et flexible pour faciliter l&rsquo;acc\u00e8s \u00e0 des services d&rsquo;aide \u00e0 domicile.<\/li>\n<li>Assistance sociale sur tous nos sites : Un soutien accessible \u00e0 tous, pour r\u00e9pondre aux besoins sp\u00e9cifiques de nos collaborateurs.<\/li>\n<li>Ambassadeurs et r\u00e9f\u00e9rents handicap : Pr\u00e9sents sur chaque site, ils jouent un r\u00f4le cl\u00e9 dans la sensibilisation et l&rsquo;accompagnement des \u00e9quipes.<\/li>\n<li>Un jour suppl\u00e9mentaire pour d\u00e9marches administratives : Pour all\u00e9ger le quotidien de nos collaborateurs lors de leurs d\u00e9marches li\u00e9es au handicap.<\/li>\n<\/ul>\n<p>Ces mesures illustrent notre engagement \u00e0 renforcer un environnement inclusif et bienveillant.<\/p>\n<p>Anett, diff\u00e9rents par nature.<\/p>\n\t\t\t<a href=\"https:\/\/www.anett.fr\/decouvrir-anett\/actualites\/\" title=\"Click Here\" target=\"_self\"   role=\"button\" aria-label=\"Toutes les actualit\u00e9s\">\n\t\t\t\t\t\t\tToutes les actualit\u00e9s\n\t\t<\/a>\n\n","protected":false},"excerpt":{"rendered":"<p>Faire savoir et renforcer ce que nous faisions d\u00e9j\u00e0 : c\u2019est notre ambition avec le d\u00e9ploiement national de notre politique handicap. <\/p>\n","protected":false},"author":11,"featured_media":3095,"comment_status":"closed","ping_status":"closed","sticky":false,"template":"tpl-full-width.php","format":"standard","meta":{"footnotes":""},"categories":[1],"tags":[],"class_list":["post-3094","post","type-post","status-publish","format-standard","has-post-thumbnail","hentry","category-non-classe"],"yoast_head":"<!-- This site is optimized with the Yoast SEO plugin v27.4 - https:\/\/yoast.com\/product\/yoast-seo-wordpress\/ -->\n<title>Engagements d&#039;Anett en faveur du handicap : nos mesures en action ! - Anett<\/title>\n<meta name=\"description\" content=\"Anett a organis\u00e9 en Avril 2024 la deuxi\u00e8me \u00e9dition du Club 35. L&#039;occasion de rassembler les salari\u00e9s ayant plus de 35 ans d&#039;anciennet\u00e9 chez Anett.\" \/>\n<meta name=\"robots\" content=\"index, follow, max-snippet:-1, max-image-preview:large, max-video-preview:-1\" \/>\n<link rel=\"canonical\" href=\"https:\/\/www.anett.fr\/index.php\/handicap-anett\/\" \/>\n<meta property=\"og:locale\" content=\"fr_FR\" \/>\n<meta property=\"og:type\" content=\"article\" \/>\n<meta property=\"og:title\" content=\"Engagements d&#039;Anett en faveur du handicap : nos mesures en action ! - Anett\" \/>\n<meta property=\"og:description\" content=\"Anett a organis\u00e9 en Avril 2024 la deuxi\u00e8me \u00e9dition du Club 35. L&#039;occasion de rassembler les salari\u00e9s ayant plus de 35 ans d&#039;anciennet\u00e9 chez Anett.\" \/>\n<meta property=\"og:url\" content=\"https:\/\/www.anett.fr\/index.php\/handicap-anett\/\" \/>\n<meta property=\"og:site_name\" content=\"Anett\" \/>\n<meta property=\"article:publisher\" content=\"https:\/\/www.facebook.com\/profile.php?id=100065673331976\" \/>\n<meta property=\"article:published_time\" content=\"2024-11-22T10:20:10+00:00\" \/>\n<meta property=\"og:image\" content=\"https:\/\/www.anett.fr\/wp-content\/uploads\/2024\/11\/PH-lancement-Linkedin.png\" \/>\n\t<meta property=\"og:image:width\" content=\"1200\" \/>\n\t<meta property=\"og:image:height\" content=\"1200\" \/>\n\t<meta property=\"og:image:type\" content=\"image\/png\" \/>\n<meta name=\"author\" content=\"Delphine Bichon\" \/>\n<meta name=\"twitter:card\" content=\"summary_large_image\" \/>\n<meta name=\"twitter:label1\" content=\"\u00c9crit par\" \/>\n\t<meta name=\"twitter:data1\" content=\"Delphine Bichon\" \/>\n\t<meta name=\"twitter:label2\" content=\"Dur\u00e9e de lecture estim\u00e9e\" \/>\n\t<meta name=\"twitter:data2\" content=\"1 minute\" \/>\n<script type=\"application\/ld+json\" class=\"yoast-schema-graph\">{\"@context\":\"https:\\\/\\\/schema.org\",\"@graph\":[{\"@type\":\"Article\",\"@id\":\"https:\\\/\\\/www.anett.fr\\\/index.php\\\/handicap-anett\\\/#article\",\"isPartOf\":{\"@id\":\"https:\\\/\\\/www.anett.fr\\\/index.php\\\/handicap-anett\\\/\"},\"author\":{\"name\":\"Delphine Bichon\",\"@id\":\"https:\\\/\\\/www.anett.fr\\\/index.php\\\/#\\\/schema\\\/person\\\/fa7e3e32416c1732adfdb57c71302023\"},\"headline\":\"Engagements d&rsquo;Anett en faveur du handicap : nos mesures en action !\",\"datePublished\":\"2024-11-22T10:20:10+00:00\",\"mainEntityOfPage\":{\"@id\":\"https:\\\/\\\/www.anett.fr\\\/index.php\\\/handicap-anett\\\/\"},\"wordCount\":238,\"publisher\":{\"@id\":\"https:\\\/\\\/www.anett.fr\\\/index.php\\\/#organization\"},\"image\":{\"@id\":\"https:\\\/\\\/www.anett.fr\\\/index.php\\\/handicap-anett\\\/#primaryimage\"},\"thumbnailUrl\":\"https:\\\/\\\/www.anett.fr\\\/wp-content\\\/uploads\\\/2024\\\/11\\\/PH-lancement-Linkedin.png\",\"inLanguage\":\"fr-FR\"},{\"@type\":\"WebPage\",\"@id\":\"https:\\\/\\\/www.anett.fr\\\/index.php\\\/handicap-anett\\\/\",\"url\":\"https:\\\/\\\/www.anett.fr\\\/index.php\\\/handicap-anett\\\/\",\"name\":\"Engagements d'Anett en faveur du handicap : nos mesures en action ! - Anett\",\"isPartOf\":{\"@id\":\"https:\\\/\\\/www.anett.fr\\\/index.php\\\/#website\"},\"primaryImageOfPage\":{\"@id\":\"https:\\\/\\\/www.anett.fr\\\/index.php\\\/handicap-anett\\\/#primaryimage\"},\"image\":{\"@id\":\"https:\\\/\\\/www.anett.fr\\\/index.php\\\/handicap-anett\\\/#primaryimage\"},\"thumbnailUrl\":\"https:\\\/\\\/www.anett.fr\\\/wp-content\\\/uploads\\\/2024\\\/11\\\/PH-lancement-Linkedin.png\",\"datePublished\":\"2024-11-22T10:20:10+00:00\",\"description\":\"Anett a organis\u00e9 en Avril 2024 la deuxi\u00e8me \u00e9dition du Club 35. L'occasion de rassembler les salari\u00e9s ayant plus de 35 ans d'anciennet\u00e9 chez Anett.\",\"breadcrumb\":{\"@id\":\"https:\\\/\\\/www.anett.fr\\\/index.php\\\/handicap-anett\\\/#breadcrumb\"},\"inLanguage\":\"fr-FR\",\"potentialAction\":[{\"@type\":\"ReadAction\",\"target\":[\"https:\\\/\\\/www.anett.fr\\\/index.php\\\/handicap-anett\\\/\"]}]},{\"@type\":\"ImageObject\",\"inLanguage\":\"fr-FR\",\"@id\":\"https:\\\/\\\/www.anett.fr\\\/index.php\\\/handicap-anett\\\/#primaryimage\",\"url\":\"https:\\\/\\\/www.anett.fr\\\/wp-content\\\/uploads\\\/2024\\\/11\\\/PH-lancement-Linkedin.png\",\"contentUrl\":\"https:\\\/\\\/www.anett.fr\\\/wp-content\\\/uploads\\\/2024\\\/11\\\/PH-lancement-Linkedin.png\",\"width\":1200,\"height\":1200},{\"@type\":\"BreadcrumbList\",\"@id\":\"https:\\\/\\\/www.anett.fr\\\/index.php\\\/handicap-anett\\\/#breadcrumb\",\"itemListElement\":[{\"@type\":\"ListItem\",\"position\":1,\"name\":\"Accueil\",\"item\":\"https:\\\/\\\/www.anett.fr\\\/index.php\\\/\"},{\"@type\":\"ListItem\",\"position\":2,\"name\":\"Engagements d&#8217;Anett en faveur du handicap : nos mesures en action !\"}]},{\"@type\":\"WebSite\",\"@id\":\"https:\\\/\\\/www.anett.fr\\\/index.php\\\/#website\",\"url\":\"https:\\\/\\\/www.anett.fr\\\/index.php\\\/\",\"name\":\"Anett\",\"description\":\"Nous portons chaque jour les valeurs de notre engagement\",\"publisher\":{\"@id\":\"https:\\\/\\\/www.anett.fr\\\/index.php\\\/#organization\"},\"alternateName\":\"Anett, Diff\u00e9rents par Nature\",\"potentialAction\":[{\"@type\":\"SearchAction\",\"target\":{\"@type\":\"EntryPoint\",\"urlTemplate\":\"https:\\\/\\\/www.anett.fr\\\/index.php\\\/?s={search_term_string}\"},\"query-input\":{\"@type\":\"PropertyValueSpecification\",\"valueRequired\":true,\"valueName\":\"search_term_string\"}}],\"inLanguage\":\"fr-FR\"},{\"@type\":\"Organization\",\"@id\":\"https:\\\/\\\/www.anett.fr\\\/index.php\\\/#organization\",\"name\":\"Anett\",\"alternateName\":\"Anett, Diff\u00e9rents par Nature\",\"url\":\"https:\\\/\\\/www.anett.fr\\\/index.php\\\/\",\"logo\":{\"@type\":\"ImageObject\",\"inLanguage\":\"fr-FR\",\"@id\":\"https:\\\/\\\/www.anett.fr\\\/index.php\\\/#\\\/schema\\\/logo\\\/image\\\/\",\"url\":\"https:\\\/\\\/www.anett.fr\\\/wp-content\\\/uploads\\\/2024\\\/02\\\/logo-anett-2024.png\",\"contentUrl\":\"https:\\\/\\\/www.anett.fr\\\/wp-content\\\/uploads\\\/2024\\\/02\\\/logo-anett-2024.png\",\"width\":696,\"height\":696,\"caption\":\"Anett\"},\"image\":{\"@id\":\"https:\\\/\\\/www.anett.fr\\\/index.php\\\/#\\\/schema\\\/logo\\\/image\\\/\"},\"sameAs\":[\"https:\\\/\\\/www.facebook.com\\\/profile.php?id=100065673331976\",\"https:\\\/\\\/www.linkedin.com\\\/company\\\/anett\\\/\"]},{\"@type\":\"Person\",\"@id\":\"https:\\\/\\\/www.anett.fr\\\/index.php\\\/#\\\/schema\\\/person\\\/fa7e3e32416c1732adfdb57c71302023\",\"name\":\"Delphine Bichon\",\"url\":\"https:\\\/\\\/www.anett.fr\\\/index.php\\\/author\\\/delphine\\\/\"}]}<\/script>\n<!-- \/ Yoast SEO plugin. -->","yoast_head_json":{"title":"Engagements d'Anett en faveur du handicap : nos mesures en action ! - Anett","description":"Anett a organis\u00e9 en Avril 2024 la deuxi\u00e8me \u00e9dition du Club 35. L'occasion de rassembler les salari\u00e9s ayant plus de 35 ans d'anciennet\u00e9 chez Anett.","robots":{"index":"index","follow":"follow","max-snippet":"max-snippet:-1","max-image-preview":"max-image-preview:large","max-video-preview":"max-video-preview:-1"},"canonical":"https:\/\/www.anett.fr\/index.php\/handicap-anett\/","og_locale":"fr_FR","og_type":"article","og_title":"Engagements d'Anett en faveur du handicap : nos mesures en action ! - Anett","og_description":"Anett a organis\u00e9 en Avril 2024 la deuxi\u00e8me \u00e9dition du Club 35. L'occasion de rassembler les salari\u00e9s ayant plus de 35 ans d'anciennet\u00e9 chez Anett.","og_url":"https:\/\/www.anett.fr\/index.php\/handicap-anett\/","og_site_name":"Anett","article_publisher":"https:\/\/www.facebook.com\/profile.php?id=100065673331976","article_published_time":"2024-11-22T10:20:10+00:00","og_image":[{"width":1200,"height":1200,"url":"https:\/\/www.anett.fr\/wp-content\/uploads\/2024\/11\/PH-lancement-Linkedin.png","type":"image\/png"}],"author":"Delphine Bichon","twitter_card":"summary_large_image","twitter_misc":{"\u00c9crit par":"Delphine Bichon","Dur\u00e9e de lecture estim\u00e9e":"1 minute"},"schema":{"@context":"https:\/\/schema.org","@graph":[{"@type":"Article","@id":"https:\/\/www.anett.fr\/index.php\/handicap-anett\/#article","isPartOf":{"@id":"https:\/\/www.anett.fr\/index.php\/handicap-anett\/"},"author":{"name":"Delphine Bichon","@id":"https:\/\/www.anett.fr\/index.php\/#\/schema\/person\/fa7e3e32416c1732adfdb57c71302023"},"headline":"Engagements d&rsquo;Anett en faveur du handicap : nos mesures en action !","datePublished":"2024-11-22T10:20:10+00:00","mainEntityOfPage":{"@id":"https:\/\/www.anett.fr\/index.php\/handicap-anett\/"},"wordCount":238,"publisher":{"@id":"https:\/\/www.anett.fr\/index.php\/#organization"},"image":{"@id":"https:\/\/www.anett.fr\/index.php\/handicap-anett\/#primaryimage"},"thumbnailUrl":"https:\/\/www.anett.fr\/wp-content\/uploads\/2024\/11\/PH-lancement-Linkedin.png","inLanguage":"fr-FR"},{"@type":"WebPage","@id":"https:\/\/www.anett.fr\/index.php\/handicap-anett\/","url":"https:\/\/www.anett.fr\/index.php\/handicap-anett\/","name":"Engagements d'Anett en faveur du handicap : nos mesures en action ! - Anett","isPartOf":{"@id":"https:\/\/www.anett.fr\/index.php\/#website"},"primaryImageOfPage":{"@id":"https:\/\/www.anett.fr\/index.php\/handicap-anett\/#primaryimage"},"image":{"@id":"https:\/\/www.anett.fr\/index.php\/handicap-anett\/#primaryimage"},"thumbnailUrl":"https:\/\/www.anett.fr\/wp-content\/uploads\/2024\/11\/PH-lancement-Linkedin.png","datePublished":"2024-11-22T10:20:10+00:00","description":"Anett a organis\u00e9 en Avril 2024 la deuxi\u00e8me \u00e9dition du Club 35. L'occasion de rassembler les salari\u00e9s ayant plus de 35 ans d'anciennet\u00e9 chez Anett.","breadcrumb":{"@id":"https:\/\/www.anett.fr\/index.php\/handicap-anett\/#breadcrumb"},"inLanguage":"fr-FR","potentialAction":[{"@type":"ReadAction","target":["https:\/\/www.anett.fr\/index.php\/handicap-anett\/"]}]},{"@type":"ImageObject","inLanguage":"fr-FR","@id":"https:\/\/www.anett.fr\/index.php\/handicap-anett\/#primaryimage","url":"https:\/\/www.anett.fr\/wp-content\/uploads\/2024\/11\/PH-lancement-Linkedin.png","contentUrl":"https:\/\/www.anett.fr\/wp-content\/uploads\/2024\/11\/PH-lancement-Linkedin.png","width":1200,"height":1200},{"@type":"BreadcrumbList","@id":"https:\/\/www.anett.fr\/index.php\/handicap-anett\/#breadcrumb","itemListElement":[{"@type":"ListItem","position":1,"name":"Accueil","item":"https:\/\/www.anett.fr\/index.php\/"},{"@type":"ListItem","position":2,"name":"Engagements d&#8217;Anett en faveur du handicap : nos mesures en action !"}]},{"@type":"WebSite","@id":"https:\/\/www.anett.fr\/index.php\/#website","url":"https:\/\/www.anett.fr\/index.php\/","name":"Anett","description":"Nous portons chaque jour les valeurs de notre engagement","publisher":{"@id":"https:\/\/www.anett.fr\/index.php\/#organization"},"alternateName":"Anett, Diff\u00e9rents par Nature","potentialAction":[{"@type":"SearchAction","target":{"@type":"EntryPoint","urlTemplate":"https:\/\/www.anett.fr\/index.php\/?s={search_term_string}"},"query-input":{"@type":"PropertyValueSpecification","valueRequired":true,"valueName":"search_term_string"}}],"inLanguage":"fr-FR"},{"@type":"Organization","@id":"https:\/\/www.anett.fr\/index.php\/#organization","name":"Anett","alternateName":"Anett, Diff\u00e9rents par Nature","url":"https:\/\/www.anett.fr\/index.php\/","logo":{"@type":"ImageObject","inLanguage":"fr-FR","@id":"https:\/\/www.anett.fr\/index.php\/#\/schema\/logo\/image\/","url":"https:\/\/www.anett.fr\/wp-content\/uploads\/2024\/02\/logo-anett-2024.png","contentUrl":"https:\/\/www.anett.fr\/wp-content\/uploads\/2024\/02\/logo-anett-2024.png","width":696,"height":696,"caption":"Anett"},"image":{"@id":"https:\/\/www.anett.fr\/index.php\/#\/schema\/logo\/image\/"},"sameAs":["https:\/\/www.facebook.com\/profile.php?id=100065673331976","https:\/\/www.linkedin.com\/company\/anett\/"]},{"@type":"Person","@id":"https:\/\/www.anett.fr\/index.php\/#\/schema\/person\/fa7e3e32416c1732adfdb57c71302023","name":"Delphine Bichon","url":"https:\/\/www.anett.fr\/index.php\/author\/delphine\/"}]}},"_links":{"self":[{"href":"https:\/\/www.anett.fr\/index.php\/wp-json\/wp\/v2\/posts\/3094","targetHints":{"allow":["GET"]}}],"collection":[{"href":"https:\/\/www.anett.fr\/index.php\/wp-json\/wp\/v2\/posts"}],"about":[{"href":"https:\/\/www.anett.fr\/index.php\/wp-json\/wp\/v2\/types\/post"}],"author":[{"embeddable":true,"href":"https:\/\/www.anett.fr\/index.php\/wp-json\/wp\/v2\/users\/11"}],"replies":[{"embeddable":true,"href":"https:\/\/www.anett.fr\/index.php\/wp-json\/wp\/v2\/comments?post=3094"}],"version-history":[{"count":0,"href":"https:\/\/www.anett.fr\/index.php\/wp-json\/wp\/v2\/posts\/3094\/revisions"}],"wp:featuredmedia":[{"embeddable":true,"href":"https:\/\/www.anett.fr\/index.php\/wp-json\/wp\/v2\/media\/3095"}],"wp:attachment":[{"href":"https:\/\/www.anett.fr\/index.php\/wp-json\/wp\/v2\/media?parent=3094"}],"wp:term":[{"taxonomy":"category","embeddable":true,"href":"https:\/\/www.anett.fr\/index.php\/wp-json\/wp\/v2\/categories?post=3094"},{"taxonomy":"post_tag","embeddable":true,"href":"https:\/\/www.anett.fr\/index.php\/wp-json\/wp\/v2\/tags?post=3094"}],"curies":[{"name":"wp","href":"https:\/\/api.w.org\/{rel}","templated":true}]}}