{"id":3117,"date":"2025-02-03T09:46:17","date_gmt":"2025-02-03T08:46:17","guid":{"rendered":"https:\/\/www.anett.fr\/index.php\/?p=3117"},"modified":"2025-02-03T09:52:15","modified_gmt":"2025-02-03T08:52:15","slug":"anett-transition-energetique-copy","status":"publish","type":"post","link":"https:\/\/www.anett.fr\/index.php\/anett-transition-energetique-copy\/","title":{"rendered":"Nouvelle tenue, nouveau style pour nos ambassadeurs Anett !\u00a0"},"content":{"rendered":"\n\n\t<p>Nous sommes fiers de pr\u00e9senter la toute nouvelle tenue de nos agents de distribution, qui allie s\u00e9curit\u00e9, confort et respect de l&rsquo;environnement. Cette \u00e9volution vestimentaire, marqu\u00e9e par le 90e anniversaire de l&rsquo;entreprise, t\u00e9moigne de notre engagement envers l&rsquo;innovation et le bien-\u00eatre de nos \u00e9quipes.\u00a0<\/p>\n<p><b>Une tenue con\u00e7ue pour l&rsquo;image d&rsquo;Anett<\/b>\u00a0<\/p>\n<p>Nos agents de distribution sont au c\u0153ur de la relation client, r\u00e9alisant plus de 35 000 livraisons chaque mois et jouant un r\u00f4le cl\u00e9 dans la satisfaction de nos clients. Avec cette nouvelle collection, nous souhaitons leur offrir une tenue qui refl\u00e8te l&rsquo;identit\u00e9 d&rsquo;Anett tout en r\u00e9pondant \u00e0 des crit\u00e8res de confort et de s\u00e9curit\u00e9. Cette \u00e9volution s&rsquo;inscrit \u00e9galement dans notre d\u00e9marche \u00e9cologique, con\u00e7ue en mati\u00e8re responsable. Dans notre logique de circularit\u00e9, les anciennes tenues seront recycl\u00e9es pour leur offrir une seconde vie.\u00a0<\/p>\n<p>La nouvelle tenue se d\u00e9cline en coupe homme et femme, pour que chaque agent se sente \u00e0 l&rsquo;aise et fier de porter l&rsquo;uniforme Anett.\u00a0<\/p>\n<p><b>Une journ\u00e9e de c\u00e9l\u00e9bration et de coh\u00e9sion<\/b>\u00a0<\/p>\n<p>Le d\u00e9ploiement de cette nouvelle collection a \u00e9t\u00e9 l&rsquo;occasion d&rsquo;une grande journ\u00e9e de partage, organis\u00e9e dans tous nos sites Anett. Au programme :\u00a0<\/p>\n<ul>\n<li data-leveltext=\"\uf0b7\" data-font=\"Symbol\" data-listid=\"1\" data-list-defn-props=\"{&quot;335552541&quot;:1,&quot;335559685&quot;:720,&quot;335559991&quot;:360,&quot;469769226&quot;:&quot;Symbol&quot;,&quot;469769242&quot;:[8226],&quot;469777803&quot;:&quot;left&quot;,&quot;469777804&quot;:&quot;\uf0b7&quot;,&quot;469777815&quot;:&quot;hybridMultilevel&quot;}\" aria-setsize=\"-1\" data-aria-posinset=\"1\" data-aria-level=\"1\"><b>Pr\u00e9sentation et distribution des nouvelles tenues<\/b> :\u00a0pens\u00e9es pour allier confort, s\u00e9curit\u00e9 et identit\u00e9 forte.\u00a0<\/li>\n<\/ul>\n<ul>\n<li data-leveltext=\"\uf0b7\" data-font=\"Symbol\" data-listid=\"1\" data-list-defn-props=\"{&quot;335552541&quot;:1,&quot;335559685&quot;:720,&quot;335559991&quot;:360,&quot;469769226&quot;:&quot;Symbol&quot;,&quot;469769242&quot;:[8226],&quot;469777803&quot;:&quot;left&quot;,&quot;469777804&quot;:&quot;\uf0b7&quot;,&quot;469777815&quot;:&quot;hybridMultilevel&quot;}\" aria-setsize=\"-1\" data-aria-posinset=\"2\" data-aria-level=\"1\"><b>Moments de convivialit\u00e9<\/b> : une belle occasion pour renforcer les liens entre coll\u00e8gues et c\u00e9l\u00e9brer nos r\u00e9ussites collectives.\u00a0<\/li>\n<\/ul>\n<ul>\n<li data-leveltext=\"\uf0b7\" data-font=\"Symbol\" data-listid=\"1\" data-list-defn-props=\"{&quot;335552541&quot;:1,&quot;335559685&quot;:720,&quot;335559991&quot;:360,&quot;469769226&quot;:&quot;Symbol&quot;,&quot;469769242&quot;:[8226],&quot;469777803&quot;:&quot;left&quot;,&quot;469777804&quot;:&quot;\uf0b7&quot;,&quot;469777815&quot;:&quot;hybridMultilevel&quot;}\" aria-setsize=\"-1\" data-aria-posinset=\"3\" data-aria-level=\"1\"><b>\u00c9changes avec la direction<\/b> : des discussions proches et constructives pour valoriser l&rsquo;importance de chaque r\u00f4le au sein de l&rsquo;entreprise.\u00a0<\/li>\n<\/ul>\n<p><b>Un projet collaboratif r\u00e9ussi<\/b>\u00a0<\/p>\n<p>Cette nouvelle tenue est le fruit d&rsquo;un travail collectif, men\u00e9 sur plusieurs mois avec l&rsquo;implication de nombreux acteurs :\u00a0<\/p>\n<ul>\n<li data-leveltext=\"\uf0b7\" data-font=\"Symbol\" data-listid=\"2\" data-list-defn-props=\"{&quot;335552541&quot;:1,&quot;335559685&quot;:720,&quot;335559991&quot;:360,&quot;469769226&quot;:&quot;Symbol&quot;,&quot;469769242&quot;:[8226],&quot;469777803&quot;:&quot;left&quot;,&quot;469777804&quot;:&quot;\uf0b7&quot;,&quot;469777815&quot;:&quot;hybridMultilevel&quot;}\" aria-setsize=\"-1\" data-aria-posinset=\"1\" data-aria-level=\"1\">Le p\u00f4le textile, ma\u00eetre d&rsquo;\u0153uvre de toutes les \u00e9tapes techniques, depuis l&rsquo;approvisionnement jusqu&rsquo;aux tests de lavage et broderie.\u00a0<\/li>\n<\/ul>\n<ul>\n<li data-leveltext=\"\uf0b7\" data-font=\"Symbol\" data-listid=\"2\" data-list-defn-props=\"{&quot;335552541&quot;:1,&quot;335559685&quot;:720,&quot;335559991&quot;:360,&quot;469769226&quot;:&quot;Symbol&quot;,&quot;469769242&quot;:[8226],&quot;469777803&quot;:&quot;left&quot;,&quot;469777804&quot;:&quot;\uf0b7&quot;,&quot;469777815&quot;:&quot;hybridMultilevel&quot;}\" aria-setsize=\"-1\" data-aria-posinset=\"2\" data-aria-level=\"1\">Les responsables distribution, dont les retours et l&rsquo;implication ont permis de garantir un r\u00e9sultat \u00e0 la hauteur des attentes des \u00e9quipes.\u00a0<\/li>\n<\/ul>\n<ul>\n<li data-leveltext=\"\uf0b7\" data-font=\"Symbol\" data-listid=\"2\" data-list-defn-props=\"{&quot;335552541&quot;:1,&quot;335559685&quot;:720,&quot;335559991&quot;:360,&quot;469769226&quot;:&quot;Symbol&quot;,&quot;469769242&quot;:[8226],&quot;469777803&quot;:&quot;left&quot;,&quot;469777804&quot;:&quot;\uf0b7&quot;,&quot;469777815&quot;:&quot;hybridMultilevel&quot;}\" aria-setsize=\"-1\" data-aria-posinset=\"3\" data-aria-level=\"1\">Et bien s\u00fbr, nos agents de distribution, v\u00e9ritables ambassadeurs au c\u0153ur de la relation client.\u00a0<\/li>\n<\/ul>\n<p><b>Merci \u00e0 tous !<\/b>\u00a0<\/p>\n\t<div style=\"width: 1920px;\" class=\"wp-video\"><video class=\"wp-video-shortcode\" id=\"video-3117-1\" width=\"1920\" height=\"1080\" preload=\"metadata\" controls=\"controls\"><source type=\"video\/mp4\" src=\"https:\/\/www.anett.fr\/wp-content\/uploads\/2025\/02\/Lancement-officiel-des-nouvelles-tenues-1.mp4?_=1\" \/><a href=\"https:\/\/www.anett.fr\/wp-content\/uploads\/2025\/02\/Lancement-officiel-des-nouvelles-tenues-1.mp4\">https:\/\/www.anett.fr\/wp-content\/uploads\/2025\/02\/Lancement-officiel-des-nouvelles-tenues-1.mp4<\/a><\/video><\/div>\n\t\t\t<a href=\"https:\/\/www.anett.fr\/decouvrir-anett\/actualites\/\" title=\"Click Here\" target=\"_self\"   role=\"button\" aria-label=\"Toutes les actualit\u00e9s\">\n\t\t\t\t\t\t\tToutes les actualit\u00e9s\n\t\t<\/a>\n\n","protected":false},"excerpt":{"rendered":"<p>Nous sommes fiers de pr\u00e9senter la toute nouvelle tenue de nos agents de distribution, qui allie s\u00e9curit\u00e9, confort et respect de l\u2019environnement. <\/p>\n","protected":false},"author":11,"featured_media":3118,"comment_status":"closed","ping_status":"closed","sticky":false,"template":"tpl-full-width.php","format":"standard","meta":{"footnotes":""},"categories":[1],"tags":[],"class_list":["post-3117","post","type-post","status-publish","format-standard","has-post-thumbnail","hentry","category-non-classe"],"yoast_head":"<!-- This site is optimized with the Yoast SEO plugin v27.4 - https:\/\/yoast.com\/product\/yoast-seo-wordpress\/ -->\n<title>Nouvelle tenue, nouveau style pour nos ambassadeurs Anett !\u00a0 - Anett<\/title>\n<meta name=\"description\" content=\"Anett est la seule entreprise fran\u00e7aise de location-entretien d\u2019articles textiles professionnels \u00e0 avoir choisi de conserver son si\u00e8ge social dans un territoire rural.\" \/>\n<meta name=\"robots\" content=\"index, follow, max-snippet:-1, max-image-preview:large, max-video-preview:-1\" \/>\n<link rel=\"canonical\" href=\"https:\/\/www.anett.fr\/index.php\/anett-transition-energetique-copy\/\" \/>\n<meta property=\"og:locale\" content=\"fr_FR\" \/>\n<meta property=\"og:type\" content=\"article\" \/>\n<meta property=\"og:title\" content=\"Nouvelle tenue, nouveau style pour nos ambassadeurs Anett !\u00a0 - Anett\" \/>\n<meta property=\"og:description\" content=\"Anett est la seule entreprise fran\u00e7aise de location-entretien d\u2019articles textiles professionnels \u00e0 avoir choisi de conserver son si\u00e8ge social dans un territoire rural.\" \/>\n<meta property=\"og:url\" content=\"https:\/\/www.anett.fr\/index.php\/anett-transition-energetique-copy\/\" \/>\n<meta property=\"og:site_name\" content=\"Anett\" \/>\n<meta property=\"article:publisher\" content=\"https:\/\/www.facebook.com\/profile.php?id=100065673331976\" \/>\n<meta property=\"article:published_time\" content=\"2025-02-03T08:46:17+00:00\" \/>\n<meta property=\"article:modified_time\" content=\"2025-02-03T08:52:15+00:00\" \/>\n<meta property=\"og:image\" content=\"https:\/\/www.anett.fr\/wp-content\/uploads\/2025\/02\/1000001298.jpg\" \/>\n\t<meta property=\"og:image:width\" content=\"1600\" \/>\n\t<meta property=\"og:image:height\" content=\"1197\" \/>\n\t<meta property=\"og:image:type\" content=\"image\/jpeg\" \/>\n<meta name=\"author\" content=\"Delphine Bichon\" \/>\n<meta name=\"twitter:card\" content=\"summary_large_image\" \/>\n<meta name=\"twitter:label1\" content=\"\u00c9crit par\" \/>\n\t<meta name=\"twitter:data1\" content=\"Delphine Bichon\" \/>\n\t<meta name=\"twitter:label2\" content=\"Dur\u00e9e de lecture estim\u00e9e\" \/>\n\t<meta name=\"twitter:data2\" content=\"2 minutes\" \/>\n<script type=\"application\/ld+json\" class=\"yoast-schema-graph\">{\"@context\":\"https:\\\/\\\/schema.org\",\"@graph\":[{\"@type\":\"Article\",\"@id\":\"https:\\\/\\\/www.anett.fr\\\/index.php\\\/anett-transition-energetique-copy\\\/#article\",\"isPartOf\":{\"@id\":\"https:\\\/\\\/www.anett.fr\\\/index.php\\\/anett-transition-energetique-copy\\\/\"},\"author\":{\"name\":\"Delphine Bichon\",\"@id\":\"https:\\\/\\\/www.anett.fr\\\/index.php\\\/#\\\/schema\\\/person\\\/fa7e3e32416c1732adfdb57c71302023\"},\"headline\":\"Nouvelle tenue, nouveau style pour nos ambassadeurs Anett !\u00a0\",\"datePublished\":\"2025-02-03T08:46:17+00:00\",\"dateModified\":\"2025-02-03T08:52:15+00:00\",\"mainEntityOfPage\":{\"@id\":\"https:\\\/\\\/www.anett.fr\\\/index.php\\\/anett-transition-energetique-copy\\\/\"},\"wordCount\":394,\"publisher\":{\"@id\":\"https:\\\/\\\/www.anett.fr\\\/index.php\\\/#organization\"},\"image\":{\"@id\":\"https:\\\/\\\/www.anett.fr\\\/index.php\\\/anett-transition-energetique-copy\\\/#primaryimage\"},\"thumbnailUrl\":\"https:\\\/\\\/www.anett.fr\\\/wp-content\\\/uploads\\\/2025\\\/02\\\/1000001298.jpg\",\"inLanguage\":\"fr-FR\"},{\"@type\":\"WebPage\",\"@id\":\"https:\\\/\\\/www.anett.fr\\\/index.php\\\/anett-transition-energetique-copy\\\/\",\"url\":\"https:\\\/\\\/www.anett.fr\\\/index.php\\\/anett-transition-energetique-copy\\\/\",\"name\":\"Nouvelle tenue, nouveau style pour nos ambassadeurs Anett !\u00a0 - Anett\",\"isPartOf\":{\"@id\":\"https:\\\/\\\/www.anett.fr\\\/index.php\\\/#website\"},\"primaryImageOfPage\":{\"@id\":\"https:\\\/\\\/www.anett.fr\\\/index.php\\\/anett-transition-energetique-copy\\\/#primaryimage\"},\"image\":{\"@id\":\"https:\\\/\\\/www.anett.fr\\\/index.php\\\/anett-transition-energetique-copy\\\/#primaryimage\"},\"thumbnailUrl\":\"https:\\\/\\\/www.anett.fr\\\/wp-content\\\/uploads\\\/2025\\\/02\\\/1000001298.jpg\",\"datePublished\":\"2025-02-03T08:46:17+00:00\",\"dateModified\":\"2025-02-03T08:52:15+00:00\",\"description\":\"Anett est la seule entreprise fran\u00e7aise de location-entretien d\u2019articles textiles professionnels \u00e0 avoir choisi de conserver son si\u00e8ge social dans un territoire rural.\",\"breadcrumb\":{\"@id\":\"https:\\\/\\\/www.anett.fr\\\/index.php\\\/anett-transition-energetique-copy\\\/#breadcrumb\"},\"inLanguage\":\"fr-FR\",\"potentialAction\":[{\"@type\":\"ReadAction\",\"target\":[\"https:\\\/\\\/www.anett.fr\\\/index.php\\\/anett-transition-energetique-copy\\\/\"]}]},{\"@type\":\"ImageObject\",\"inLanguage\":\"fr-FR\",\"@id\":\"https:\\\/\\\/www.anett.fr\\\/index.php\\\/anett-transition-energetique-copy\\\/#primaryimage\",\"url\":\"https:\\\/\\\/www.anett.fr\\\/wp-content\\\/uploads\\\/2025\\\/02\\\/1000001298.jpg\",\"contentUrl\":\"https:\\\/\\\/www.anett.fr\\\/wp-content\\\/uploads\\\/2025\\\/02\\\/1000001298.jpg\",\"width\":1600,\"height\":1197},{\"@type\":\"BreadcrumbList\",\"@id\":\"https:\\\/\\\/www.anett.fr\\\/index.php\\\/anett-transition-energetique-copy\\\/#breadcrumb\",\"itemListElement\":[{\"@type\":\"ListItem\",\"position\":1,\"name\":\"Accueil\",\"item\":\"https:\\\/\\\/www.anett.fr\\\/index.php\\\/\"},{\"@type\":\"ListItem\",\"position\":2,\"name\":\"Nouvelle tenue, nouveau style pour nos ambassadeurs Anett !\u00a0\"}]},{\"@type\":\"WebSite\",\"@id\":\"https:\\\/\\\/www.anett.fr\\\/index.php\\\/#website\",\"url\":\"https:\\\/\\\/www.anett.fr\\\/index.php\\\/\",\"name\":\"Anett\",\"description\":\"Nous portons chaque jour les valeurs de notre engagement\",\"publisher\":{\"@id\":\"https:\\\/\\\/www.anett.fr\\\/index.php\\\/#organization\"},\"alternateName\":\"Anett, Diff\u00e9rents par Nature\",\"potentialAction\":[{\"@type\":\"SearchAction\",\"target\":{\"@type\":\"EntryPoint\",\"urlTemplate\":\"https:\\\/\\\/www.anett.fr\\\/index.php\\\/?s={search_term_string}\"},\"query-input\":{\"@type\":\"PropertyValueSpecification\",\"valueRequired\":true,\"valueName\":\"search_term_string\"}}],\"inLanguage\":\"fr-FR\"},{\"@type\":\"Organization\",\"@id\":\"https:\\\/\\\/www.anett.fr\\\/index.php\\\/#organization\",\"name\":\"Anett\",\"alternateName\":\"Anett, Diff\u00e9rents par Nature\",\"url\":\"https:\\\/\\\/www.anett.fr\\\/index.php\\\/\",\"logo\":{\"@type\":\"ImageObject\",\"inLanguage\":\"fr-FR\",\"@id\":\"https:\\\/\\\/www.anett.fr\\\/index.php\\\/#\\\/schema\\\/logo\\\/image\\\/\",\"url\":\"https:\\\/\\\/www.anett.fr\\\/wp-content\\\/uploads\\\/2024\\\/02\\\/logo-anett-2024.png\",\"contentUrl\":\"https:\\\/\\\/www.anett.fr\\\/wp-content\\\/uploads\\\/2024\\\/02\\\/logo-anett-2024.png\",\"width\":696,\"height\":696,\"caption\":\"Anett\"},\"image\":{\"@id\":\"https:\\\/\\\/www.anett.fr\\\/index.php\\\/#\\\/schema\\\/logo\\\/image\\\/\"},\"sameAs\":[\"https:\\\/\\\/www.facebook.com\\\/profile.php?id=100065673331976\",\"https:\\\/\\\/www.linkedin.com\\\/company\\\/anett\\\/\"]},{\"@type\":\"Person\",\"@id\":\"https:\\\/\\\/www.anett.fr\\\/index.php\\\/#\\\/schema\\\/person\\\/fa7e3e32416c1732adfdb57c71302023\",\"name\":\"Delphine Bichon\",\"url\":\"https:\\\/\\\/www.anett.fr\\\/index.php\\\/author\\\/delphine\\\/\"}]}<\/script>\n<!-- \/ Yoast SEO plugin. -->","yoast_head_json":{"title":"Nouvelle tenue, nouveau style pour nos ambassadeurs Anett !\u00a0 - Anett","description":"Anett est la seule entreprise fran\u00e7aise de location-entretien d\u2019articles textiles professionnels \u00e0 avoir choisi de conserver son si\u00e8ge social dans un territoire rural.","robots":{"index":"index","follow":"follow","max-snippet":"max-snippet:-1","max-image-preview":"max-image-preview:large","max-video-preview":"max-video-preview:-1"},"canonical":"https:\/\/www.anett.fr\/index.php\/anett-transition-energetique-copy\/","og_locale":"fr_FR","og_type":"article","og_title":"Nouvelle tenue, nouveau style pour nos ambassadeurs Anett !\u00a0 - Anett","og_description":"Anett est la seule entreprise fran\u00e7aise de location-entretien d\u2019articles textiles professionnels \u00e0 avoir choisi de conserver son si\u00e8ge social dans un territoire rural.","og_url":"https:\/\/www.anett.fr\/index.php\/anett-transition-energetique-copy\/","og_site_name":"Anett","article_publisher":"https:\/\/www.facebook.com\/profile.php?id=100065673331976","article_published_time":"2025-02-03T08:46:17+00:00","article_modified_time":"2025-02-03T08:52:15+00:00","og_image":[{"width":1600,"height":1197,"url":"https:\/\/www.anett.fr\/wp-content\/uploads\/2025\/02\/1000001298.jpg","type":"image\/jpeg"}],"author":"Delphine Bichon","twitter_card":"summary_large_image","twitter_misc":{"\u00c9crit par":"Delphine Bichon","Dur\u00e9e de lecture estim\u00e9e":"2 minutes"},"schema":{"@context":"https:\/\/schema.org","@graph":[{"@type":"Article","@id":"https:\/\/www.anett.fr\/index.php\/anett-transition-energetique-copy\/#article","isPartOf":{"@id":"https:\/\/www.anett.fr\/index.php\/anett-transition-energetique-copy\/"},"author":{"name":"Delphine Bichon","@id":"https:\/\/www.anett.fr\/index.php\/#\/schema\/person\/fa7e3e32416c1732adfdb57c71302023"},"headline":"Nouvelle tenue, nouveau style pour nos ambassadeurs Anett !\u00a0","datePublished":"2025-02-03T08:46:17+00:00","dateModified":"2025-02-03T08:52:15+00:00","mainEntityOfPage":{"@id":"https:\/\/www.anett.fr\/index.php\/anett-transition-energetique-copy\/"},"wordCount":394,"publisher":{"@id":"https:\/\/www.anett.fr\/index.php\/#organization"},"image":{"@id":"https:\/\/www.anett.fr\/index.php\/anett-transition-energetique-copy\/#primaryimage"},"thumbnailUrl":"https:\/\/www.anett.fr\/wp-content\/uploads\/2025\/02\/1000001298.jpg","inLanguage":"fr-FR"},{"@type":"WebPage","@id":"https:\/\/www.anett.fr\/index.php\/anett-transition-energetique-copy\/","url":"https:\/\/www.anett.fr\/index.php\/anett-transition-energetique-copy\/","name":"Nouvelle tenue, nouveau style pour nos ambassadeurs Anett !\u00a0 - Anett","isPartOf":{"@id":"https:\/\/www.anett.fr\/index.php\/#website"},"primaryImageOfPage":{"@id":"https:\/\/www.anett.fr\/index.php\/anett-transition-energetique-copy\/#primaryimage"},"image":{"@id":"https:\/\/www.anett.fr\/index.php\/anett-transition-energetique-copy\/#primaryimage"},"thumbnailUrl":"https:\/\/www.anett.fr\/wp-content\/uploads\/2025\/02\/1000001298.jpg","datePublished":"2025-02-03T08:46:17+00:00","dateModified":"2025-02-03T08:52:15+00:00","description":"Anett est la seule entreprise fran\u00e7aise de location-entretien d\u2019articles textiles professionnels \u00e0 avoir choisi de conserver son si\u00e8ge social dans un territoire rural.","breadcrumb":{"@id":"https:\/\/www.anett.fr\/index.php\/anett-transition-energetique-copy\/#breadcrumb"},"inLanguage":"fr-FR","potentialAction":[{"@type":"ReadAction","target":["https:\/\/www.anett.fr\/index.php\/anett-transition-energetique-copy\/"]}]},{"@type":"ImageObject","inLanguage":"fr-FR","@id":"https:\/\/www.anett.fr\/index.php\/anett-transition-energetique-copy\/#primaryimage","url":"https:\/\/www.anett.fr\/wp-content\/uploads\/2025\/02\/1000001298.jpg","contentUrl":"https:\/\/www.anett.fr\/wp-content\/uploads\/2025\/02\/1000001298.jpg","width":1600,"height":1197},{"@type":"BreadcrumbList","@id":"https:\/\/www.anett.fr\/index.php\/anett-transition-energetique-copy\/#breadcrumb","itemListElement":[{"@type":"ListItem","position":1,"name":"Accueil","item":"https:\/\/www.anett.fr\/index.php\/"},{"@type":"ListItem","position":2,"name":"Nouvelle tenue, nouveau style pour nos ambassadeurs Anett !\u00a0"}]},{"@type":"WebSite","@id":"https:\/\/www.anett.fr\/index.php\/#website","url":"https:\/\/www.anett.fr\/index.php\/","name":"Anett","description":"Nous portons chaque jour les valeurs de notre engagement","publisher":{"@id":"https:\/\/www.anett.fr\/index.php\/#organization"},"alternateName":"Anett, Diff\u00e9rents par Nature","potentialAction":[{"@type":"SearchAction","target":{"@type":"EntryPoint","urlTemplate":"https:\/\/www.anett.fr\/index.php\/?s={search_term_string}"},"query-input":{"@type":"PropertyValueSpecification","valueRequired":true,"valueName":"search_term_string"}}],"inLanguage":"fr-FR"},{"@type":"Organization","@id":"https:\/\/www.anett.fr\/index.php\/#organization","name":"Anett","alternateName":"Anett, Diff\u00e9rents par Nature","url":"https:\/\/www.anett.fr\/index.php\/","logo":{"@type":"ImageObject","inLanguage":"fr-FR","@id":"https:\/\/www.anett.fr\/index.php\/#\/schema\/logo\/image\/","url":"https:\/\/www.anett.fr\/wp-content\/uploads\/2024\/02\/logo-anett-2024.png","contentUrl":"https:\/\/www.anett.fr\/wp-content\/uploads\/2024\/02\/logo-anett-2024.png","width":696,"height":696,"caption":"Anett"},"image":{"@id":"https:\/\/www.anett.fr\/index.php\/#\/schema\/logo\/image\/"},"sameAs":["https:\/\/www.facebook.com\/profile.php?id=100065673331976","https:\/\/www.linkedin.com\/company\/anett\/"]},{"@type":"Person","@id":"https:\/\/www.anett.fr\/index.php\/#\/schema\/person\/fa7e3e32416c1732adfdb57c71302023","name":"Delphine Bichon","url":"https:\/\/www.anett.fr\/index.php\/author\/delphine\/"}]}},"_links":{"self":[{"href":"https:\/\/www.anett.fr\/index.php\/wp-json\/wp\/v2\/posts\/3117","targetHints":{"allow":["GET"]}}],"collection":[{"href":"https:\/\/www.anett.fr\/index.php\/wp-json\/wp\/v2\/posts"}],"about":[{"href":"https:\/\/www.anett.fr\/index.php\/wp-json\/wp\/v2\/types\/post"}],"author":[{"embeddable":true,"href":"https:\/\/www.anett.fr\/index.php\/wp-json\/wp\/v2\/users\/11"}],"replies":[{"embeddable":true,"href":"https:\/\/www.anett.fr\/index.php\/wp-json\/wp\/v2\/comments?post=3117"}],"version-history":[{"count":0,"href":"https:\/\/www.anett.fr\/index.php\/wp-json\/wp\/v2\/posts\/3117\/revisions"}],"wp:featuredmedia":[{"embeddable":true,"href":"https:\/\/www.anett.fr\/index.php\/wp-json\/wp\/v2\/media\/3118"}],"wp:attachment":[{"href":"https:\/\/www.anett.fr\/index.php\/wp-json\/wp\/v2\/media?parent=3117"}],"wp:term":[{"taxonomy":"category","embeddable":true,"href":"https:\/\/www.anett.fr\/index.php\/wp-json\/wp\/v2\/categories?post=3117"},{"taxonomy":"post_tag","embeddable":true,"href":"https:\/\/www.anett.fr\/index.php\/wp-json\/wp\/v2\/tags?post=3117"}],"curies":[{"name":"wp","href":"https:\/\/api.w.org\/{rel}","templated":true}]}}